{"id":205056,"date":"2022-10-05T01:17:16","date_gmt":"2022-10-05T04:17:16","guid":{"rendered":"https:\/\/diarioregionaldigital.com.br\/?p=205056"},"modified":"2022-10-05T01:17:16","modified_gmt":"2022-10-05T04:17:16","slug":"banco-mundial-aumenta-para-25-previsao-do-pib-brasileiro-este-ano","status":"publish","type":"post","link":"https:\/\/diarioregionaldigital.com.br\/?p=205056","title":{"rendered":"Banco Mundial aumenta para 2,5% previs\u00e3o do PIB brasileiro este ano"},"content":{"rendered":"<p>A economia brasileira dever\u00e1 terminar o ano com crescimento de 2,5%, segundo novas estimativas divulgadas hoje (4) pelo Banco Mundial. A proje\u00e7\u00e3o anterior estava em 1,5%. Para 2023, o organismo internacional manteve em 0,8% a previs\u00e3o de crescimento do Produto Interno Bruto (PIB).<img decoding=\"async\" src=\"https:\/\/agenciabrasil.ebc.com.br\/ebc.png?id=1486367&amp;o=node\" \/><img decoding=\"async\" src=\"https:\/\/agenciabrasil.ebc.com.br\/ebc.gif?id=1486367&amp;o=node\" \/><\/p>\n<p>As estimativas est\u00e3o mais em linha com as previs\u00f5es do governo. No fim de setembro, a Secretaria de Pol\u00edtica Econ\u00f4mica do Minist\u00e9rio da Economia<a href=\"https:\/\/agenciabrasil.ebc.com.br\/economia\/noticia\/2022-09\/governo-eleva-previsao-de-crescimento-da-economia-para-27\" target=\"_blank\" rel=\"noopener\">\u00a0elevou de 2% para 2,7%\u00a0<\/a>a proje\u00e7\u00e3o de crescimento do PIB em 2022 LINK 1 .<\/p>\n<p>Para 2023, as proje\u00e7\u00f5es divergem. A proposta de Or\u00e7amento Geral da Uni\u00e3o prev\u00ea crescimento de 2,5%, enquanto as estimativas do Banco Mundial apontam expans\u00e3o bem menor.<\/p>\n<p>As novas estimativas foram divulgadas como adiantamento do encontro anual de outono (no Hemisf\u00e9rio Norte) do Fundo Monet\u00e1rio Internacional (FMI) e do Banco Mundial. As reuni\u00f5es ocorrem na pr\u00f3xima semana, entre os dias 10 e 16, em Washington.<\/p>\n<p>Segundo o relat\u00f3rio, os gastos sociais e os investimentos (obras p\u00fablicas e compra de equipamentos) s\u00e3o elementos centrais para impulsionar o crescimento na Am\u00e9rica Latina no cen\u00e1rio p\u00f3s-covid. No entanto, o equil\u00edbrio fiscal deve ser buscado. Os gastos extras devem ser financiados por meio de novos impostos, reforma tribut\u00e1ria e medidas para melhorar a efici\u00eancia do gasto p\u00fablico.<\/p>\n<p>De acordo com o Banco Mundial, 40% dos ajustes fiscais na Am\u00e9rica Latina foram feitos com base em corte de investimentos. Segundo o \u00f3rg\u00e3o, esse tipo de ajuste pode melhorar as contas p\u00fablicas no curto prazo, mas tem efeitos nocivos no longo prazo.<\/p>\n<p>O relat\u00f3rio mostra que 17% dos gastos p\u00fablicos poderiam ser cortados em alguns pa\u00edses, decorrentes de transfer\u00eancias mal destinadas, compras ruins e pol\u00edticas de recursos humanos ineficientes.<\/p>\n<h2>Regi\u00e3o<\/h2>\n<p>Em rela\u00e7\u00e3o \u00e0 Am\u00e9rica Latina e o Caribe, o Banco Mundial aumentou a previs\u00e3o de crescimento do PIB de 2,5% para 3%. Para o pr\u00f3ximo ano, no entanto, a estimativa foi reduzida de 1,9% para 1,6%. Apesar da melhora nas proje\u00e7\u00f5es para o Brasil, o pa\u00eds dever\u00e1 crescer menor que a maioria dos pa\u00edses da regi\u00e3o. Somente M\u00e9xico e Chile devem encerrar o ano com crescimento inferior ao brasileiro.<\/p>\n<p>M\u00e9xico e Chile s\u00e3o um dos poucos pa\u00edses latinos que devem crescer menos do que o Brasil, com varia\u00e7\u00f5es de 1,8% neste ano. Para 2023, o Banco Mundial prev\u00ea queda de 0,5% no PIB chileno e avan\u00e7o de 1,5% no PIB mexicano.<\/p>\n<p><span style=\"font-weight: 400;\"><br \/>\n<\/span><span style=\"font-weight: 400;\">Fonte: Ag\u00eancia Brasil <\/span><\/p>\n","protected":false},"excerpt":{"rendered":"<p>A economia brasileira dever\u00e1 terminar o ano com crescimento de 2,5%, segundo novas estimativas divulgadas hoje (4) pelo Banco Mundial. A proje\u00e7\u00e3o anterior estava em 1,5%. Para 2023, o organismo internacional manteve em 0,8% a previs\u00e3o de crescimento do Produto Interno Bruto (PIB). As estimativas est\u00e3o mais em linha com as previs\u00f5es do governo. No [&hellip;]<\/p>\n","protected":false},"author":246,"featured_media":205057,"comment_status":"closed","ping_status":"closed","sticky":false,"template":"","format":"standard","meta":{"footnotes":""},"categories":[436,261,439],"tags":[],"class_list":["post-205056","post","type-post","status-publish","format-standard","has-post-thumbnail","hentry","category-destaque-da-semana","category-economia","category-ultima-hora"],"_links":{"self":[{"href":"https:\/\/diarioregionaldigital.com.br\/index.php?rest_route=\/wp\/v2\/posts\/205056","targetHints":{"allow":["GET"]}}],"collection":[{"href":"https:\/\/diarioregionaldigital.com.br\/index.php?rest_route=\/wp\/v2\/posts"}],"about":[{"href":"https:\/\/diarioregionaldigital.com.br\/index.php?rest_route=\/wp\/v2\/types\/post"}],"author":[{"embeddable":true,"href":"https:\/\/diarioregionaldigital.com.br\/index.php?rest_route=\/wp\/v2\/users\/246"}],"replies":[{"embeddable":true,"href":"https:\/\/diarioregionaldigital.com.br\/index.php?rest_route=%2Fwp%2Fv2%2Fcomments&post=205056"}],"version-history":[{"count":2,"href":"https:\/\/diarioregionaldigital.com.br\/index.php?rest_route=\/wp\/v2\/posts\/205056\/revisions"}],"predecessor-version":[{"id":205059,"href":"https:\/\/diarioregionaldigital.com.br\/index.php?rest_route=\/wp\/v2\/posts\/205056\/revisions\/205059"}],"wp:featuredmedia":[{"embeddable":true,"href":"https:\/\/diarioregionaldigital.com.br\/index.php?rest_route=\/wp\/v2\/media\/205057"}],"wp:attachment":[{"href":"https:\/\/diarioregionaldigital.com.br\/index.php?rest_route=%2Fwp%2Fv2%2Fmedia&parent=205056"}],"wp:term":[{"taxonomy":"category","embeddable":true,"href":"https:\/\/diarioregionaldigital.com.br\/index.php?rest_route=%2Fwp%2Fv2%2Fcategories&post=205056"},{"taxonomy":"post_tag","embeddable":true,"href":"https:\/\/diarioregionaldigital.com.br\/index.php?rest_route=%2Fwp%2Fv2%2Ftags&post=205056"}],"curies":[{"name":"wp","href":"https:\/\/api.w.org\/{rel}","templated":true}]}}