{"id":205042,"date":"2022-10-03T21:01:09","date_gmt":"2022-10-04T00:01:09","guid":{"rendered":"https:\/\/diarioregionaldigital.com.br\/?p=205042"},"modified":"2022-10-03T21:01:09","modified_gmt":"2022-10-04T00:01:09","slug":"pjf-entrega-proposta-de-lei-orcamentaria-anual-2023-ao-legislativo","status":"publish","type":"post","link":"https:\/\/diarioregionaldigital.com.br\/?p=205042","title":{"rendered":"PJF entrega proposta de lei or\u00e7ament\u00e1ria anual 2023 ao legislativo"},"content":{"rendered":"<p>Segundo informa\u00e7\u00f5es do site da Prefeitura de Juiz de Fora (PJF), a PJF encaminhou para a C\u00e2mara Municipal nesta sexta-feira, 30, o projeto da Lei Or\u00e7ament\u00e1ria Anual (LOA), que prev\u00ea as a\u00e7\u00f5es da administra\u00e7\u00e3o municipal para 2023. Cabe aos representantes do legislativo municipal a an\u00e1lise, sugest\u00f5es e aprova\u00e7\u00e3o do projeto que auxilia na organiza\u00e7\u00e3o do Executivo, e permite a garantia e transpar\u00eancia dos direitos fundamentais do cidad\u00e3o.<\/p>\n<p>\u201cHoje estamos cumprindo nosso papel constitucional (CF, art. 165)\u00a0de entregar a LOA \u00e0 C\u00e2mara Municipal que, a partir de agora, ir\u00e1 analisar item por item, e fazer as audi\u00eancias p\u00fablicas necess\u00e1rias para aprovar esse projeto que vai reger o or\u00e7amento de 2023\u201d, destaca o secret\u00e1rio de Planejamento e Participa\u00e7\u00e3o Popular (Seppop), Martvs das Chagas.<\/p>\n<p>Anualmente, o Executivo estima as receitas, sendo elas: pr\u00f3prias (ex: IPTU, ISSQN), transferidas (ex:ICMS, FPM) e vinculadas (ex:conv\u00eanios, opera\u00e7\u00f5es de cr\u00e9ditos), e fixa as despesas para o ano subsequente. Para 2023 o valor fixado das despesas \u00e9 de R$ 3.020.746.486,61.<\/p>\n<p>O documento entregue \u00e0 C\u00e2mara cont\u00e9m os anexos de receita e despesa, embasados no Plano Plurianual (PPA ) &#8211; que define as a\u00e7\u00f5es do munic\u00edpio para\u00a0 o quadri\u00eanio 2022-2025 &#8211; , bem como na Lei de Diretrizes Or\u00e7ament\u00e1rias (LDO).<\/p>\n<p>Mais informa\u00e7\u00f5es atrav\u00e9s da Secretaria de Planejamento e Participa\u00e7\u00e3o Popular (Seppop) pelo telefone 3690.7593<\/p>\n","protected":false},"excerpt":{"rendered":"<p>Segundo informa\u00e7\u00f5es do site da Prefeitura de Juiz de Fora (PJF), a PJF encaminhou para a C\u00e2mara Municipal nesta sexta-feira, 30, o projeto da Lei Or\u00e7ament\u00e1ria Anual (LOA), que prev\u00ea as a\u00e7\u00f5es da administra\u00e7\u00e3o municipal para 2023. Cabe aos representantes do legislativo municipal a an\u00e1lise, sugest\u00f5es e aprova\u00e7\u00e3o do projeto que auxilia na organiza\u00e7\u00e3o do [&hellip;]<\/p>\n","protected":false},"author":246,"featured_media":205043,"comment_status":"closed","ping_status":"closed","sticky":false,"template":"","format":"standard","meta":{"footnotes":""},"categories":[253,436,439],"tags":[],"class_list":["post-205042","post","type-post","status-publish","format-standard","has-post-thumbnail","hentry","category-cidade","category-destaque-da-semana","category-ultima-hora"],"_links":{"self":[{"href":"https:\/\/diarioregionaldigital.com.br\/index.php?rest_route=\/wp\/v2\/posts\/205042","targetHints":{"allow":["GET"]}}],"collection":[{"href":"https:\/\/diarioregionaldigital.com.br\/index.php?rest_route=\/wp\/v2\/posts"}],"about":[{"href":"https:\/\/diarioregionaldigital.com.br\/index.php?rest_route=\/wp\/v2\/types\/post"}],"author":[{"embeddable":true,"href":"https:\/\/diarioregionaldigital.com.br\/index.php?rest_route=\/wp\/v2\/users\/246"}],"replies":[{"embeddable":true,"href":"https:\/\/diarioregionaldigital.com.br\/index.php?rest_route=%2Fwp%2Fv2%2Fcomments&post=205042"}],"version-history":[{"count":1,"href":"https:\/\/diarioregionaldigital.com.br\/index.php?rest_route=\/wp\/v2\/posts\/205042\/revisions"}],"predecessor-version":[{"id":205044,"href":"https:\/\/diarioregionaldigital.com.br\/index.php?rest_route=\/wp\/v2\/posts\/205042\/revisions\/205044"}],"wp:featuredmedia":[{"embeddable":true,"href":"https:\/\/diarioregionaldigital.com.br\/index.php?rest_route=\/wp\/v2\/media\/205043"}],"wp:attachment":[{"href":"https:\/\/diarioregionaldigital.com.br\/index.php?rest_route=%2Fwp%2Fv2%2Fmedia&parent=205042"}],"wp:term":[{"taxonomy":"category","embeddable":true,"href":"https:\/\/diarioregionaldigital.com.br\/index.php?rest_route=%2Fwp%2Fv2%2Fcategories&post=205042"},{"taxonomy":"post_tag","embeddable":true,"href":"https:\/\/diarioregionaldigital.com.br\/index.php?rest_route=%2Fwp%2Fv2%2Ftags&post=205042"}],"curies":[{"name":"wp","href":"https:\/\/api.w.org\/{rel}","templated":true}]}}