{"id":205039,"date":"2022-10-03T20:59:07","date_gmt":"2022-10-03T23:59:07","guid":{"rendered":"https:\/\/diarioregionaldigital.com.br\/?p=205039"},"modified":"2022-10-03T20:59:07","modified_gmt":"2022-10-03T23:59:07","slug":"transito-na-rua-da-bahia-permanece-com-interdicoes-para-poda-de-arvore","status":"publish","type":"post","link":"https:\/\/diarioregionaldigital.com.br\/?p=205039","title":{"rendered":"Tr\u00e2nsito na Rua da Bahia permanece com interdi\u00e7\u00f5es para poda de \u00e1rvore"},"content":{"rendered":"<p>Segundo informa\u00e7\u00f5es do site da Prefeitura de Juiz de Fora (PJF), durante esta semana, a Rua da Bahia, na divisa com a Rua \u00c2ngelo Falci, ser\u00e1 interditada de 8h \u00e0s 17h, para a realiza\u00e7\u00e3o do servi\u00e7o de poda de uma \u00e1rvore que foi afetada pelo vendaval ocorrido no \u00faltimo m\u00eas. A execu\u00e7\u00e3o dos trabalhos est\u00e1 a cargo da Empresa Municipal de Pavimenta\u00e7\u00e3o e Urbanidades (Empav) e pode ser prorrogado no caso de precipita\u00e7\u00f5es e urg\u00eancias.<\/p>\n<p>Os motoristas devem evitar circular pelo local, j\u00e1 que tamb\u00e9m h\u00e1 uma obra da Cesama da nova rede tronco para atender os bairros Vila Ideal, Olavo Costa, Santa Teresa e outros. Atualmente, as interven\u00e7\u00f5es est\u00e3o focadas na Avenida Brasil, onde j\u00e1 foram implantados cerca de 400 metros de tubula\u00e7\u00f5es. Para a condu\u00e7\u00e3o dos trabalhos, o tr\u00e2nsito est\u00e1 interditado parcialmente na altura do n\u00famero 1.405 da avenida, entre as pontes Nelson Silva e Luiz Ernesto Bernardino Alves, no bairro Po\u00e7o Rico.<\/p>\n","protected":false},"excerpt":{"rendered":"<p>Segundo informa\u00e7\u00f5es do site da Prefeitura de Juiz de Fora (PJF), durante esta semana, a Rua da Bahia, na divisa com a Rua \u00c2ngelo Falci, ser\u00e1 interditada de 8h \u00e0s 17h, para a realiza\u00e7\u00e3o do servi\u00e7o de poda de uma \u00e1rvore que foi afetada pelo vendaval ocorrido no \u00faltimo m\u00eas. A execu\u00e7\u00e3o dos trabalhos est\u00e1 [&hellip;]<\/p>\n","protected":false},"author":246,"featured_media":205040,"comment_status":"closed","ping_status":"closed","sticky":false,"template":"","format":"standard","meta":{"footnotes":""},"categories":[253,436,439],"tags":[],"class_list":["post-205039","post","type-post","status-publish","format-standard","has-post-thumbnail","hentry","category-cidade","category-destaque-da-semana","category-ultima-hora"],"_links":{"self":[{"href":"https:\/\/diarioregionaldigital.com.br\/index.php?rest_route=\/wp\/v2\/posts\/205039","targetHints":{"allow":["GET"]}}],"collection":[{"href":"https:\/\/diarioregionaldigital.com.br\/index.php?rest_route=\/wp\/v2\/posts"}],"about":[{"href":"https:\/\/diarioregionaldigital.com.br\/index.php?rest_route=\/wp\/v2\/types\/post"}],"author":[{"embeddable":true,"href":"https:\/\/diarioregionaldigital.com.br\/index.php?rest_route=\/wp\/v2\/users\/246"}],"replies":[{"embeddable":true,"href":"https:\/\/diarioregionaldigital.com.br\/index.php?rest_route=%2Fwp%2Fv2%2Fcomments&post=205039"}],"version-history":[{"count":1,"href":"https:\/\/diarioregionaldigital.com.br\/index.php?rest_route=\/wp\/v2\/posts\/205039\/revisions"}],"predecessor-version":[{"id":205041,"href":"https:\/\/diarioregionaldigital.com.br\/index.php?rest_route=\/wp\/v2\/posts\/205039\/revisions\/205041"}],"wp:featuredmedia":[{"embeddable":true,"href":"https:\/\/diarioregionaldigital.com.br\/index.php?rest_route=\/wp\/v2\/media\/205040"}],"wp:attachment":[{"href":"https:\/\/diarioregionaldigital.com.br\/index.php?rest_route=%2Fwp%2Fv2%2Fmedia&parent=205039"}],"wp:term":[{"taxonomy":"category","embeddable":true,"href":"https:\/\/diarioregionaldigital.com.br\/index.php?rest_route=%2Fwp%2Fv2%2Fcategories&post=205039"},{"taxonomy":"post_tag","embeddable":true,"href":"https:\/\/diarioregionaldigital.com.br\/index.php?rest_route=%2Fwp%2Fv2%2Ftags&post=205039"}],"curies":[{"name":"wp","href":"https:\/\/api.w.org\/{rel}","templated":true}]}}