{"id":205026,"date":"2022-10-03T20:41:26","date_gmt":"2022-10-03T23:41:26","guid":{"rendered":"https:\/\/diarioregionaldigital.com.br\/?p=205026"},"modified":"2022-10-03T20:41:26","modified_gmt":"2022-10-03T23:41:26","slug":"sesi-sp-fatura-tricampeonato-brasileiro-de-goalball","status":"publish","type":"post","link":"https:\/\/diarioregionaldigital.com.br\/?p=205026","title":{"rendered":"Sesi\/SP fatura tricampeonato brasileiro de goalball"},"content":{"rendered":"<p>O Sesi\/SP confirmou o t\u00edtulo do campeonato brasileiro masculino de\u00a0<em>goalball\u00a0<\/em>ao derrotar a equipe do Cetefe\/DF por 7 a 3. A decis\u00e3o ocorreu na manh\u00e3 deste s\u00e1bado (1\u00ba), no Centro de Treinamento Paral\u00edmpico Brasileiro, em S\u00e3o Paulo.<img decoding=\"async\" src=\"https:\/\/agenciabrasil.ebc.com.br\/ebc.png?id=1485512&amp;o=node\" \/><img decoding=\"async\" src=\"https:\/\/agenciabrasil.ebc.com.br\/ebc.gif?id=1485512&amp;o=node\" \/><\/p>\n<p>A vit\u00f3ria n\u00e3o foi f\u00e1cil. O primeiro tempo acabou com a vantagem dos candangos do Cetefe. Andr\u00e9 Dantas fez os tr\u00eas da equipe do Distrito Federal. Alex Labrador descontou ainda na etapa inicial.<\/p>\n<p>No segundo tempo, Parazinho, com cinco gols, e Matheus Silva definiram a virada do Sesi e a conquista da ta\u00e7a. \u201cN\u00e3o imaginava fazer tantos gols. Sab\u00edamos que seria uma final dif\u00edcil, que teria que dar o meu melhor\u201d, comentou Parazinho \u00e0 assessoria do Comit\u00ea Paral\u00edmpico Brasileiro (CPB).<\/p>\n<p>Esse foi o terceiro t\u00edtulo nacional da equipe (2017, 2019 e 2022). Ainda na manh\u00e3 deste s\u00e1bado, o Santos fez 8 a 5 no paranaense IRM e conquistou a medalha de bronze.<\/p>\n<p><span style=\"font-weight: 400;\">Fonte: Ag\u00eancia Brasil\u00a0<\/span><span style=\"font-weight: 400;\"><br \/>\n<\/span><\/p>\n","protected":false},"excerpt":{"rendered":"<p>O Sesi\/SP confirmou o t\u00edtulo do campeonato brasileiro masculino de\u00a0goalball\u00a0ao derrotar a equipe do Cetefe\/DF por 7 a 3. A decis\u00e3o ocorreu na manh\u00e3 deste s\u00e1bado (1\u00ba), no Centro de Treinamento Paral\u00edmpico Brasileiro, em S\u00e3o Paulo. A vit\u00f3ria n\u00e3o foi f\u00e1cil. O primeiro tempo acabou com a vantagem dos candangos do Cetefe. Andr\u00e9 Dantas fez [&hellip;]<\/p>\n","protected":false},"author":246,"featured_media":205027,"comment_status":"closed","ping_status":"closed","sticky":false,"template":"","format":"standard","meta":{"footnotes":""},"categories":[436,257,439],"tags":[],"class_list":["post-205026","post","type-post","status-publish","format-standard","has-post-thumbnail","hentry","category-destaque-da-semana","category-esporte","category-ultima-hora"],"_links":{"self":[{"href":"https:\/\/diarioregionaldigital.com.br\/index.php?rest_route=\/wp\/v2\/posts\/205026","targetHints":{"allow":["GET"]}}],"collection":[{"href":"https:\/\/diarioregionaldigital.com.br\/index.php?rest_route=\/wp\/v2\/posts"}],"about":[{"href":"https:\/\/diarioregionaldigital.com.br\/index.php?rest_route=\/wp\/v2\/types\/post"}],"author":[{"embeddable":true,"href":"https:\/\/diarioregionaldigital.com.br\/index.php?rest_route=\/wp\/v2\/users\/246"}],"replies":[{"embeddable":true,"href":"https:\/\/diarioregionaldigital.com.br\/index.php?rest_route=%2Fwp%2Fv2%2Fcomments&post=205026"}],"version-history":[{"count":1,"href":"https:\/\/diarioregionaldigital.com.br\/index.php?rest_route=\/wp\/v2\/posts\/205026\/revisions"}],"predecessor-version":[{"id":205028,"href":"https:\/\/diarioregionaldigital.com.br\/index.php?rest_route=\/wp\/v2\/posts\/205026\/revisions\/205028"}],"wp:featuredmedia":[{"embeddable":true,"href":"https:\/\/diarioregionaldigital.com.br\/index.php?rest_route=\/wp\/v2\/media\/205027"}],"wp:attachment":[{"href":"https:\/\/diarioregionaldigital.com.br\/index.php?rest_route=%2Fwp%2Fv2%2Fmedia&parent=205026"}],"wp:term":[{"taxonomy":"category","embeddable":true,"href":"https:\/\/diarioregionaldigital.com.br\/index.php?rest_route=%2Fwp%2Fv2%2Fcategories&post=205026"},{"taxonomy":"post_tag","embeddable":true,"href":"https:\/\/diarioregionaldigital.com.br\/index.php?rest_route=%2Fwp%2Fv2%2Ftags&post=205026"}],"curies":[{"name":"wp","href":"https:\/\/api.w.org\/{rel}","templated":true}]}}