{"id":205023,"date":"2022-10-03T20:39:27","date_gmt":"2022-10-03T23:39:27","guid":{"rendered":"https:\/\/diarioregionaldigital.com.br\/?p=205023"},"modified":"2022-10-03T20:39:27","modified_gmt":"2022-10-03T23:39:27","slug":"caio-bonfim-e-vice-campeao-do-race-walking-tour-2022","status":"publish","type":"post","link":"https:\/\/diarioregionaldigital.com.br\/?p=205023","title":{"rendered":"Caio Bonfim \u00e9 vice-campe\u00e3o do Race Walking Tour 2022"},"content":{"rendered":"<p>O brasileiro Caio Bonfim conquistou o segundo lugar na temporada de 2022 na prova de 20 mil metros da marcha atl\u00e9tica do Race Walking Tour, esp\u00e9cie de circuito mundial, comparado \u00e0 Liga Diamante. A World Athletics, \u00f3rg\u00e3o que regulamenta o atletismo em n\u00edvel mundial, considera os tr\u00eas melhores resultados no circuito durante a temporada de 2022. Os resultados foram divulgados neste fim de semana.<img decoding=\"async\" src=\"https:\/\/agenciabrasil.ebc.com.br\/ebc.png?id=1485699&amp;o=node\" \/><img decoding=\"async\" src=\"https:\/\/agenciabrasil.ebc.com.br\/ebc.gif?id=1485699&amp;o=node\" \/><\/p>\n<p>Este ano, Bonfim, que j\u00e1 havia sido vice-campe\u00e3o na temporada de 2017, foi o melhor do Grande Pr\u00eamio de Podebrady, na Rep\u00fablica Checa, em abril. Ele fechou em terceiro em La Coru\u00f1a, na Espanha, em maio, e terminou na sexta coloca\u00e7\u00e3o no Campeonato Mundial dos Estados Unidos, em julho.<\/p>\n<p>Essas posi\u00e7\u00f5es deixaram o atleta, nascido no Distrito Federal, com 3.910 pontos, atr\u00e1s apenas do sueco Perseus Karlstrom, com 3.959, superando o equatoriano Brian Daniel Pintado, o italiano Massimo Stano e o espanhol \u00c1lvaro Mart\u00edn.\u00a0Para encerrar a temporada, Caio ainda disputar\u00e1 os 20 mil metros da marcha atl\u00e9tica nos Jogos Sul-Americanos Assun\u00e7\u00e3o 2022, na pr\u00f3xima semana no Paraguai.<\/p>\n<p><span style=\"font-weight: 400;\">Fonte: Ag\u00eancia Brasil <\/span><\/p>\n","protected":false},"excerpt":{"rendered":"<p>O brasileiro Caio Bonfim conquistou o segundo lugar na temporada de 2022 na prova de 20 mil metros da marcha atl\u00e9tica do Race Walking Tour, esp\u00e9cie de circuito mundial, comparado \u00e0 Liga Diamante. A World Athletics, \u00f3rg\u00e3o que regulamenta o atletismo em n\u00edvel mundial, considera os tr\u00eas melhores resultados no circuito durante a temporada de [&hellip;]<\/p>\n","protected":false},"author":246,"featured_media":205024,"comment_status":"closed","ping_status":"closed","sticky":false,"template":"","format":"standard","meta":{"footnotes":""},"categories":[436,440,257,439],"tags":[],"class_list":["post-205023","post","type-post","status-publish","format-standard","has-post-thumbnail","hentry","category-destaque-da-semana","category-destaques-do-dia","category-esporte","category-ultima-hora"],"_links":{"self":[{"href":"https:\/\/diarioregionaldigital.com.br\/index.php?rest_route=\/wp\/v2\/posts\/205023","targetHints":{"allow":["GET"]}}],"collection":[{"href":"https:\/\/diarioregionaldigital.com.br\/index.php?rest_route=\/wp\/v2\/posts"}],"about":[{"href":"https:\/\/diarioregionaldigital.com.br\/index.php?rest_route=\/wp\/v2\/types\/post"}],"author":[{"embeddable":true,"href":"https:\/\/diarioregionaldigital.com.br\/index.php?rest_route=\/wp\/v2\/users\/246"}],"replies":[{"embeddable":true,"href":"https:\/\/diarioregionaldigital.com.br\/index.php?rest_route=%2Fwp%2Fv2%2Fcomments&post=205023"}],"version-history":[{"count":1,"href":"https:\/\/diarioregionaldigital.com.br\/index.php?rest_route=\/wp\/v2\/posts\/205023\/revisions"}],"predecessor-version":[{"id":205025,"href":"https:\/\/diarioregionaldigital.com.br\/index.php?rest_route=\/wp\/v2\/posts\/205023\/revisions\/205025"}],"wp:featuredmedia":[{"embeddable":true,"href":"https:\/\/diarioregionaldigital.com.br\/index.php?rest_route=\/wp\/v2\/media\/205024"}],"wp:attachment":[{"href":"https:\/\/diarioregionaldigital.com.br\/index.php?rest_route=%2Fwp%2Fv2%2Fmedia&parent=205023"}],"wp:term":[{"taxonomy":"category","embeddable":true,"href":"https:\/\/diarioregionaldigital.com.br\/index.php?rest_route=%2Fwp%2Fv2%2Fcategories&post=205023"},{"taxonomy":"post_tag","embeddable":true,"href":"https:\/\/diarioregionaldigital.com.br\/index.php?rest_route=%2Fwp%2Fv2%2Ftags&post=205023"}],"curies":[{"name":"wp","href":"https:\/\/api.w.org\/{rel}","templated":true}]}}