{"id":205014,"date":"2022-10-03T20:28:44","date_gmt":"2022-10-03T23:28:44","guid":{"rendered":"https:\/\/diarioregionaldigital.com.br\/?p=205014"},"modified":"2022-10-03T20:28:44","modified_gmt":"2022-10-03T23:28:44","slug":"lula-diz-que-segundo-turno-permitira-mais-debate-de-propostas","status":"publish","type":"post","link":"https:\/\/diarioregionaldigital.com.br\/?p=205014","title":{"rendered":"Lula diz que segundo turno permitir\u00e1 mais debate de propostas"},"content":{"rendered":"<p>O candidato a presidente Luiz In\u00e1cio Lula da Silva (PT) se reuniu com a coordena\u00e7\u00e3o de campanha da Coliga\u00e7\u00e3o Brasil da Esperan\u00e7a, em S\u00e3o Paulo (SP), na tarde desta segunda-feira (3), para tra\u00e7ar as estrat\u00e9gias de campanha para o segundo turno das elei\u00e7\u00f5es presidenciais, que ocorrem no dia 30. \u00a0<img decoding=\"async\" src=\"https:\/\/agenciabrasil.ebc.com.br\/ebc.png?id=1486181&amp;o=node\" \/><img decoding=\"async\" src=\"https:\/\/agenciabrasil.ebc.com.br\/ebc.gif?id=1486181&amp;o=node\" \/><\/p>\n<p>Lula disse que o segundo turno\u00a0ser\u00e1 um momento de maior debate entre as candidaturas em disputa. &#8220;A gente, na verdade, vai aproveitar o segundo turno para fazer o debate que n\u00e3o foi poss\u00edvel fazer no primeiro turno. At\u00e9 porque no debate da televis\u00e3o era muita gente e era muito dif\u00edcil fazer o debate&#8221;, disse.<\/p>\n<p>O candidato enfatizou que agora \u00e9 o momento de buscar o apoio de todas as for\u00e7as pol\u00edticas poss\u00edveis. &#8220;A partir de amanh\u00e3, n\u00f3s j\u00e1 estamos em campanha. Ainda temos que fechar alguns acordos, temos conversar com todas as pessoas nesse pa\u00eds que n\u00e3o votaram conosco no primeiro turno. Agora, a escolha n\u00e3o \u00e9 ideol\u00f3gica. N\u00f3s vamos conversar com todas as for\u00e7as pol\u00edticas que tenham voto, representatividade, signific\u00e2ncia pol\u00edtica no pa\u00eds&#8221;, disse.<\/p>\n<p>Lula demonstrou otimismo com a vit\u00f3ria final nas urnas. &#8220;Nesse instante, n\u00f3s temos consci\u00eancia que 60% do povo brasileiro rejeitou esse governo. Pela primeira vez, algu\u00e9m que tem o cargo de presidente perde no primeiro turno. E vai perder mais feio no segundo turno porque nossa dist\u00e2ncia vai aumentar muito&#8221;, disse.<\/p>\n<p>O candidato citou que bandeiras de campanha, como a quest\u00e3o clim\u00e1tica e ambiental, a luta contra o desemprego, a regula\u00e7\u00e3o do mundo do trabalho, defesa do Sistema \u00danico de Sa\u00fade (SUS), aumento do Aux\u00edlio Brasil, e pol\u00edticas para as mulheres e popula\u00e7\u00e3o negra ser\u00e3o refor\u00e7adas durante o segundo turno.<\/p>\n<p><span style=\"font-weight: 400;\">Fonte: Ag\u00eancia Brasil <\/span><\/p>\n","protected":false},"excerpt":{"rendered":"<p>O candidato a presidente Luiz In\u00e1cio Lula da Silva (PT) se reuniu com a coordena\u00e7\u00e3o de campanha da Coliga\u00e7\u00e3o Brasil da Esperan\u00e7a, em S\u00e3o Paulo (SP), na tarde desta segunda-feira (3), para tra\u00e7ar as estrat\u00e9gias de campanha para o segundo turno das elei\u00e7\u00f5es presidenciais, que ocorrem no dia 30. \u00a0 Lula disse que o segundo [&hellip;]<\/p>\n","protected":false},"author":246,"featured_media":205015,"comment_status":"closed","ping_status":"closed","sticky":false,"template":"","format":"standard","meta":{"footnotes":""},"categories":[436,254,439],"tags":[],"class_list":["post-205014","post","type-post","status-publish","format-standard","has-post-thumbnail","hentry","category-destaque-da-semana","category-politica","category-ultima-hora"],"_links":{"self":[{"href":"https:\/\/diarioregionaldigital.com.br\/index.php?rest_route=\/wp\/v2\/posts\/205014","targetHints":{"allow":["GET"]}}],"collection":[{"href":"https:\/\/diarioregionaldigital.com.br\/index.php?rest_route=\/wp\/v2\/posts"}],"about":[{"href":"https:\/\/diarioregionaldigital.com.br\/index.php?rest_route=\/wp\/v2\/types\/post"}],"author":[{"embeddable":true,"href":"https:\/\/diarioregionaldigital.com.br\/index.php?rest_route=\/wp\/v2\/users\/246"}],"replies":[{"embeddable":true,"href":"https:\/\/diarioregionaldigital.com.br\/index.php?rest_route=%2Fwp%2Fv2%2Fcomments&post=205014"}],"version-history":[{"count":1,"href":"https:\/\/diarioregionaldigital.com.br\/index.php?rest_route=\/wp\/v2\/posts\/205014\/revisions"}],"predecessor-version":[{"id":205016,"href":"https:\/\/diarioregionaldigital.com.br\/index.php?rest_route=\/wp\/v2\/posts\/205014\/revisions\/205016"}],"wp:featuredmedia":[{"embeddable":true,"href":"https:\/\/diarioregionaldigital.com.br\/index.php?rest_route=\/wp\/v2\/media\/205015"}],"wp:attachment":[{"href":"https:\/\/diarioregionaldigital.com.br\/index.php?rest_route=%2Fwp%2Fv2%2Fmedia&parent=205014"}],"wp:term":[{"taxonomy":"category","embeddable":true,"href":"https:\/\/diarioregionaldigital.com.br\/index.php?rest_route=%2Fwp%2Fv2%2Fcategories&post=205014"},{"taxonomy":"post_tag","embeddable":true,"href":"https:\/\/diarioregionaldigital.com.br\/index.php?rest_route=%2Fwp%2Fv2%2Ftags&post=205014"}],"curies":[{"name":"wp","href":"https:\/\/api.w.org\/{rel}","templated":true}]}}