{"id":205010,"date":"2022-10-03T20:27:10","date_gmt":"2022-10-03T23:27:10","guid":{"rendered":"https:\/\/diarioregionaldigital.com.br\/?p=205010"},"modified":"2022-10-03T20:27:10","modified_gmt":"2022-10-03T23:27:10","slug":"bolsonaro-pede-que-apoiadores-mantenham-o-foco-no-segundo-turno","status":"publish","type":"post","link":"https:\/\/diarioregionaldigital.com.br\/?p=205010","title":{"rendered":"Bolsonaro pede que apoiadores mantenham o foco no segundo turno"},"content":{"rendered":"<p>O candidato \u00e0 reelei\u00e7\u00e3o \u00e0 Presid\u00eancia da Rep\u00fablica, Jair Bolsonaro, pediu que seus apoiadores mantenham o foco no segundo turno da campanha. Ele se dirigiu aos seus eleitores pelas redes sociais.<img decoding=\"async\" src=\"https:\/\/agenciabrasil.ebc.com.br\/ebc.png?id=1486163&amp;o=node\" \/><img decoding=\"async\" src=\"https:\/\/agenciabrasil.ebc.com.br\/ebc.gif?id=1486163&amp;o=node\" \/><\/p>\n<p>\u201cMantenham o foco! Um dos principais e mais dif\u00edceis objetivos foi alcan\u00e7ado\u00a0ontem. N\u00f3s j\u00e1 temos o que \u00e9 necess\u00e1rio para libertar o Brasil do autoritarismo, da chantagem e da injusti\u00e7a que tanto nos indigna. A mudan\u00e7a mais profunda do pa\u00eds j\u00e1 come\u00e7ou! N\u00e3o \u00e9 o povo que deve temer\u201d, disse o presidente, na tarde desta\u00a0segunda-feira (3).<\/p>\n<p>Ainda na madrugada, Bolsonaro publicou que os advers\u00e1rios s\u00f3 haviam se preparado para uma corrida de 100 metros, enquanto ele, estava pronto para uma maratona: \u201cVamos lutar com confian\u00e7a e com for\u00e7a cada vez maior, certos de que vamos prevalecer pela p\u00e1tria, pela fam\u00edlia, pela vida, pela liberdade e pela vontade de Deus!\u201d.<\/p>\n<p>O presidente declarou que sabia do tamanho da sua responsabilidade e dos desafios que vai enfrentar nas pr\u00f3ximas semanas, mas demonstrou otimismo em sair vitorioso.<\/p>\n<p>\u201cSabemos aonde queremos chegar e como chegaremos l\u00e1. Pela gra\u00e7a de Deus, nunca perdi uma elei\u00e7\u00e3o e sei que n\u00e3o ser\u00e1 agora, quando a liberdade do Brasil inteiro depende de n\u00f3s, que iremos perder.\u201d<\/p>\n<p>Bolsonaro tamb\u00e9m comemorou o aumento em sua vota\u00e7\u00e3o neste primeiro turno, bem superior ao que havia obtido nas elei\u00e7\u00f5es de 2018. \u201cContra tudo e contra todos, tivemos no 1\u00b0 turno de 2022 uma vota\u00e7\u00e3o mais expressiva do que aquela que tivemos em 2018. Foram quase 2 milh\u00f5es de votos a mais! Tamb\u00e9m elegemos as maiores bancadas da C\u00e2mara e do Senado, o que era a nossa maior prioridade neste primeiro momento.\u201d<\/p>\n<p><span style=\"font-weight: 400;\">Fonte: Ag\u00eancia Brasil <\/span><\/p>\n","protected":false},"excerpt":{"rendered":"<p>O candidato \u00e0 reelei\u00e7\u00e3o \u00e0 Presid\u00eancia da Rep\u00fablica, Jair Bolsonaro, pediu que seus apoiadores mantenham o foco no segundo turno da campanha. Ele se dirigiu aos seus eleitores pelas redes sociais. \u201cMantenham o foco! Um dos principais e mais dif\u00edceis objetivos foi alcan\u00e7ado\u00a0ontem. N\u00f3s j\u00e1 temos o que \u00e9 necess\u00e1rio para libertar o Brasil do [&hellip;]<\/p>\n","protected":false},"author":246,"featured_media":205011,"comment_status":"closed","ping_status":"closed","sticky":false,"template":"","format":"standard","meta":{"footnotes":""},"categories":[436,440,254,439],"tags":[],"class_list":["post-205010","post","type-post","status-publish","format-standard","has-post-thumbnail","hentry","category-destaque-da-semana","category-destaques-do-dia","category-politica","category-ultima-hora"],"_links":{"self":[{"href":"https:\/\/diarioregionaldigital.com.br\/index.php?rest_route=\/wp\/v2\/posts\/205010","targetHints":{"allow":["GET"]}}],"collection":[{"href":"https:\/\/diarioregionaldigital.com.br\/index.php?rest_route=\/wp\/v2\/posts"}],"about":[{"href":"https:\/\/diarioregionaldigital.com.br\/index.php?rest_route=\/wp\/v2\/types\/post"}],"author":[{"embeddable":true,"href":"https:\/\/diarioregionaldigital.com.br\/index.php?rest_route=\/wp\/v2\/users\/246"}],"replies":[{"embeddable":true,"href":"https:\/\/diarioregionaldigital.com.br\/index.php?rest_route=%2Fwp%2Fv2%2Fcomments&post=205010"}],"version-history":[{"count":2,"href":"https:\/\/diarioregionaldigital.com.br\/index.php?rest_route=\/wp\/v2\/posts\/205010\/revisions"}],"predecessor-version":[{"id":205013,"href":"https:\/\/diarioregionaldigital.com.br\/index.php?rest_route=\/wp\/v2\/posts\/205010\/revisions\/205013"}],"wp:featuredmedia":[{"embeddable":true,"href":"https:\/\/diarioregionaldigital.com.br\/index.php?rest_route=\/wp\/v2\/media\/205011"}],"wp:attachment":[{"href":"https:\/\/diarioregionaldigital.com.br\/index.php?rest_route=%2Fwp%2Fv2%2Fmedia&parent=205010"}],"wp:term":[{"taxonomy":"category","embeddable":true,"href":"https:\/\/diarioregionaldigital.com.br\/index.php?rest_route=%2Fwp%2Fv2%2Fcategories&post=205010"},{"taxonomy":"post_tag","embeddable":true,"href":"https:\/\/diarioregionaldigital.com.br\/index.php?rest_route=%2Fwp%2Fv2%2Ftags&post=205010"}],"curies":[{"name":"wp","href":"https:\/\/api.w.org\/{rel}","templated":true}]}}