{"id":205007,"date":"2022-10-03T20:21:50","date_gmt":"2022-10-03T23:21:50","guid":{"rendered":"https:\/\/diarioregionaldigital.com.br\/?p=205007"},"modified":"2022-10-03T20:21:50","modified_gmt":"2022-10-03T23:21:50","slug":"balanca-comercial-registra-superavit-de-us-399-bi-em-setembro","status":"publish","type":"post","link":"https:\/\/diarioregionaldigital.com.br\/?p=205007","title":{"rendered":"Balan\u00e7a comercial registra super\u00e1vit de US$ 3,99 bi em setembro"},"content":{"rendered":"<p>A queda do pre\u00e7o internacional do ferro e o encarecimento de fertilizantes e petr\u00f3leo fizeram o super\u00e1vit da balan\u00e7a comercial encolher em setembro. No m\u00eas passado, o pa\u00eds exportou US$ 3,993 bilh\u00f5es a mais do que importou &#8211;\u00a0queda de 9,3% em rela\u00e7\u00e3o ao registrado em setembro do ano passado (US$ 4,401 bilh\u00f5es), segundo o Minist\u00e9rio da Economia.<img decoding=\"async\" src=\"https:\/\/agenciabrasil.ebc.com.br\/ebc.png?id=1486131&amp;o=node\" \/><img decoding=\"async\" src=\"https:\/\/agenciabrasil.ebc.com.br\/ebc.gif?id=1486131&amp;o=node\" \/><\/p>\n<p>De janeiro a setembro deste ano, a balan\u00e7a comercial acumula super\u00e1vit de US$ 47,869 bilh\u00f5es. Isso representa 15,6% a menos que o registrado nos mesmos meses do ano passado. Apesar do recuo, o saldo \u00e9 o segundo melhor da hist\u00f3ria para o per\u00edodo, perdendo apenas para os nove primeiros meses de 2021, quando o super\u00e1vit tinha fechado em US$ 56,44 bilh\u00f5es<\/p>\n<p>No m\u00eas passado, o Brasil vendeu US$ 28,95 bilh\u00f5es para o exterior e comprou US$ 24,957 bilh\u00f5es. Tanto as importa\u00e7\u00f5es como as exporta\u00e7\u00f5es bateram recorde em setembro, desde o in\u00edcio da s\u00e9rie hist\u00f3rica, em 1989. As exporta\u00e7\u00f5es subiram 18,8% em rela\u00e7\u00e3o a setembro do ano passado, pelo crit\u00e9rio da m\u00e9dia di\u00e1ria. As importa\u00e7\u00f5es, no entanto, aumentaram em ritmo maior: 24,9% na mesma compara\u00e7\u00e3o.<\/p>\n<p>No caso das exporta\u00e7\u00f5es, o recorde deve-se mais ao aumento dos embarques que dos pre\u00e7os internacionais das mercadorias do que do volume comercializado. No m\u00eas passado, o volume de mercadorias exportadas subiu em m\u00e9dia 12,6% na compara\u00e7\u00e3o com setembro do ano passado, enquanto os pre\u00e7os m\u00e9dios aumentaram 6%. A valoriza\u00e7\u00e3o dos pre\u00e7os poderia ser maior n\u00e3o fosse a queda do min\u00e9rio de ferro, cuja cota\u00e7\u00e3o caiu 32% na mesma compara\u00e7\u00e3o, e por produtos semiacabados de ferro ou de a\u00e7o, cujo pre\u00e7o recuou 42,7%.<\/p>\n<p>Nas importa\u00e7\u00f5es, a quantidade comprada subiu 8,5%, refletindo a recupera\u00e7\u00e3o da economia, mas os pre\u00e7os m\u00e9dios aumentaram em ritmo mais intenso: 18,6%. A alta dos pre\u00e7os foi puxada principalmente por adubos, fertilizantes, petr\u00f3leo, g\u00e1s natural, carv\u00e3o mineral e trigo, itens que ficaram mais caros ap\u00f3s o in\u00edcio da guerra entre R\u00fassia e Ucr\u00e2nia.<\/p>\n<h2>Setores<\/h2>\n<p>No setor agropecu\u00e1rio, o aumento nos pre\u00e7os internacionais pesou mais nas exporta\u00e7\u00f5es. O volume de mercadorias embarcadas subiu 17,3% em setembro na compara\u00e7\u00e3o com o mesmo m\u00eas de 2021, enquanto o pre\u00e7o m\u00e9dio subiu 26,1%. Na ind\u00fastria de transforma\u00e7\u00e3o, a quantidade exportada subiu 11,9%, com o pre\u00e7o m\u00e9dio aumentando 9,7%.<\/p>\n<p>Na ind\u00fastria extrativa, que engloba a exporta\u00e7\u00e3o de min\u00e9rios e de petr\u00f3leo, a quantidade exportada subiu 10,5%, mas os pre\u00e7os m\u00e9dios recuaram 13,2% em rela\u00e7\u00e3o a setembro do ano passado. Embora o pre\u00e7o m\u00e9dio do petr\u00f3leo bruto tenha subido 22,1% nessa compara\u00e7\u00e3o, o pre\u00e7o do min\u00e9rio de ferro caiu 37,5%, puxado pelos\u00a0<em>lockdowns<\/em>\u00a0(confinamentos) na China, que reduziram a demanda internacional.<\/p>\n<p>Os produtos com maior destaque nas exporta\u00e7\u00f5es agropecu\u00e1rias foram milho n\u00e3o mo\u00eddo, exceto milho doce (+260%), caf\u00e9 n\u00e3o torrado (+42,6%) e soja (+6,4%) na agropecu\u00e1ria. O destaque negativo foram animais vivos, exceto pescados ou crust\u00e1ceos, cujas exporta\u00e7\u00f5es ca\u00edram 56,9% de setembro do ano passado a setembro deste ano.<\/p>\n<p>Na ind\u00fastria extrativa, os maiores crescimentos foram registrados nas exporta\u00e7\u00f5es de outros minerais brutos (+77,7%), outros min\u00e9rios e concentrados de metais de base (+191,6%) e petr\u00f3leo bruto (+40,9%). Na ind\u00fastria de transforma\u00e7\u00e3o, as maiores altas ocorreram nos a\u00e7\u00facares e mela\u00e7os (+44,7%), farelos de soja, farinhas de carnes e de outros animais (+71,8%) e celulose (+68,9%).<\/p>\n<p>Quanto \u00e0s importa\u00e7\u00f5es, os maiores aumentos foram registrados nos seguintes produtos: cevada n\u00e3o mo\u00edda (+5.632,8%), trigo e centeio n\u00e3o mo\u00eddos (+32,0%) e frutas e nozes (+21,5%), na agropecu\u00e1ria; petr\u00f3leo bruto (+192,7%), na ind\u00fastria extrativa; e combust\u00edveis (+142,9%), controladores de pragas agr\u00edcolas (+75,1%) e compostos organo-inorg\u00e2nicos (+65,4%), na ind\u00fastria de transforma\u00e7\u00e3o.<\/p>\n<p>Em rela\u00e7\u00e3o aos adubos e aos fertilizantes, o crescimento nas importa\u00e7\u00f5es decorre inteiramente do pre\u00e7o, que subiu 47,4% em setembro na compara\u00e7\u00e3o com o mesmo m\u00eas do ano passado. O volume importado caiu 22,6% por causa da guerra entre R\u00fassia e Ucr\u00e2nia.<\/p>\n<h2>Estimativa<\/h2>\n<p>A equipe econ\u00f4mica reduziu significativamente a proje\u00e7\u00e3o de super\u00e1vit comercial para 2022. Em julho, o governo projetava saldo positivo de US$ 81,5 bilh\u00f5es. A estimativa atualizada\u00a0hoje\u00a0(3) prev\u00ea super\u00e1vit de US$ 55,4 bilh\u00f5es.<\/p>\n<p>Apesar da queda na estimativa, esse valor garantiria o segundo maior super\u00e1vit comercial da s\u00e9rie hist\u00f3rica. O saldo seria menor apenas que o super\u00e1vit de US$ 61,407 bilh\u00f5es observados no ano passado.<\/p>\n<p>As estimativas oficiais s\u00e3o atualizadas a cada tr\u00eas meses. As previs\u00f5es est\u00e3o mais pessimistas que as do mercado financeiro. O boletim Focus, pesquisa com analistas de mercado divulgada toda semana pelo Banco Central, projeta super\u00e1vit de US$ 61,5 bilh\u00f5es neste ano.<\/p>\n<p><span style=\"font-weight: 400;\">Fonte: Ag\u00eancia Brasil\u00a0<\/span><span style=\"font-weight: 400;\"><br \/>\n<\/span><\/p>\n","protected":false},"excerpt":{"rendered":"<p>A queda do pre\u00e7o internacional do ferro e o encarecimento de fertilizantes e petr\u00f3leo fizeram o super\u00e1vit da balan\u00e7a comercial encolher em setembro. No m\u00eas passado, o pa\u00eds exportou US$ 3,993 bilh\u00f5es a mais do que importou &#8211;\u00a0queda de 9,3% em rela\u00e7\u00e3o ao registrado em setembro do ano passado (US$ 4,401 bilh\u00f5es), segundo o Minist\u00e9rio [&hellip;]<\/p>\n","protected":false},"author":246,"featured_media":205008,"comment_status":"closed","ping_status":"closed","sticky":false,"template":"","format":"standard","meta":{"footnotes":""},"categories":[436,261,439],"tags":[],"class_list":["post-205007","post","type-post","status-publish","format-standard","has-post-thumbnail","hentry","category-destaque-da-semana","category-economia","category-ultima-hora"],"_links":{"self":[{"href":"https:\/\/diarioregionaldigital.com.br\/index.php?rest_route=\/wp\/v2\/posts\/205007","targetHints":{"allow":["GET"]}}],"collection":[{"href":"https:\/\/diarioregionaldigital.com.br\/index.php?rest_route=\/wp\/v2\/posts"}],"about":[{"href":"https:\/\/diarioregionaldigital.com.br\/index.php?rest_route=\/wp\/v2\/types\/post"}],"author":[{"embeddable":true,"href":"https:\/\/diarioregionaldigital.com.br\/index.php?rest_route=\/wp\/v2\/users\/246"}],"replies":[{"embeddable":true,"href":"https:\/\/diarioregionaldigital.com.br\/index.php?rest_route=%2Fwp%2Fv2%2Fcomments&post=205007"}],"version-history":[{"count":1,"href":"https:\/\/diarioregionaldigital.com.br\/index.php?rest_route=\/wp\/v2\/posts\/205007\/revisions"}],"predecessor-version":[{"id":205009,"href":"https:\/\/diarioregionaldigital.com.br\/index.php?rest_route=\/wp\/v2\/posts\/205007\/revisions\/205009"}],"wp:featuredmedia":[{"embeddable":true,"href":"https:\/\/diarioregionaldigital.com.br\/index.php?rest_route=\/wp\/v2\/media\/205008"}],"wp:attachment":[{"href":"https:\/\/diarioregionaldigital.com.br\/index.php?rest_route=%2Fwp%2Fv2%2Fmedia&parent=205007"}],"wp:term":[{"taxonomy":"category","embeddable":true,"href":"https:\/\/diarioregionaldigital.com.br\/index.php?rest_route=%2Fwp%2Fv2%2Fcategories&post=205007"},{"taxonomy":"post_tag","embeddable":true,"href":"https:\/\/diarioregionaldigital.com.br\/index.php?rest_route=%2Fwp%2Fv2%2Ftags&post=205007"}],"curies":[{"name":"wp","href":"https:\/\/api.w.org\/{rel}","templated":true}]}}