{"id":205000,"date":"2022-10-03T20:17:19","date_gmt":"2022-10-03T23:17:19","guid":{"rendered":"https:\/\/diarioregionaldigital.com.br\/?p=205000"},"modified":"2022-10-03T20:17:19","modified_gmt":"2022-10-03T23:17:19","slug":"governo-reduz-para-us-554-bilhoes-projecao-de-superavit-comercial","status":"publish","type":"post","link":"https:\/\/diarioregionaldigital.com.br\/?p=205000","title":{"rendered":"Governo reduz para US$ 55,4 bilh\u00f5es proje\u00e7\u00e3o de super\u00e1vit comercial"},"content":{"rendered":"<p>O aumento de gastos com fertilizantes e combust\u00edveis fez o Minist\u00e9rio da Economia revisar para baixo a proje\u00e7\u00e3o de super\u00e1vit comercial (exporta\u00e7\u00f5es menos importa\u00e7\u00f5es) este ano. A estimativa caiu de US$ 81,5 bilh\u00f5es, previstos em abril, para US$ 55,4 bilh\u00f5es, uma redu\u00e7\u00e3o de 32,7%. A cada 3 meses, o governo divulga uma nova previs\u00e3o.<img decoding=\"async\" src=\"https:\/\/agenciabrasil.ebc.com.br\/ebc.png?id=1486142&amp;o=node\" \/><img decoding=\"async\" src=\"https:\/\/agenciabrasil.ebc.com.br\/ebc.gif?id=1486142&amp;o=node\" \/><\/p>\n<p>Apesar da queda, pode ser o segundo melhor resultado anual da balan\u00e7a comercial desde o in\u00edcio da s\u00e9rie hist\u00f3rica, em 1989. O melhor super\u00e1vit comercial registrado at\u00e9 hoje foi no ano passado, quando o pa\u00eds exportou US$ 61,407 bilh\u00f5es a mais do que importou, beneficiado pela valoriza\u00e7\u00e3o das commodities (bens prim\u00e1rios com cota\u00e7\u00e3o internacional).<\/p>\n<p>Segundo o subsecret\u00e1rio de Intelig\u00eancia e Estat\u00edsticas do Com\u00e9rcio Exterior do Minist\u00e9rio da Economia, Herlon Brand\u00e3o, existem dois fatores principais para a revis\u00e3o da estimativa: a queda no pre\u00e7o internacional do min\u00e9rio de ferro nos \u00faltimos meses e os reflexos da guerra na Ucr\u00e2nia, que encareceram os fertilizantes e os combust\u00edveis.<\/p>\n<p>\u201cO que temos observado no ano \u00e9 o crescimento da importa\u00e7\u00e3o bastante acima do esperado. A exporta\u00e7\u00e3o vem mais ou menos em linha com o inicialmente projetado\u201d, explicou Brand\u00e3o. \u201cOs pre\u00e7os de combust\u00edveis, de adubos e fertilizantes, principalmente, influenciam esse movimento\u201d, acrescentou.<\/p>\n<p>A queda do saldo projetado deve-se tanto ao aumento das importa\u00e7\u00f5es como \u00e0 desacelera\u00e7\u00e3o das exporta\u00e7\u00f5es. A proje\u00e7\u00e3o para as compras do exterior subiu de US$ 268 bilh\u00f5es previstos em julho para US$ 274,9 bilh\u00f5es agora. Do lado das exporta\u00e7\u00f5es, a previs\u00e3o caiu de US$ 349,4 bilh\u00f5es para US$ 330,3 bilh\u00f5es. Caso se confirmem, os valores anuais ser\u00e3o recordes para esses par\u00e2metros.<\/p>\n<h2>Impacto da guerra<\/h2>\n<p>A guerra entre R\u00fassia e Ucr\u00e2nia tem impactado a balan\u00e7a comercial nos \u00faltimos meses. Por causa do aumento de gastos de itens que encareceram com o conflito, o super\u00e1vit no m\u00eas passado totalizou US$ 3,993 bilh\u00f5es, com recuo de 9,3% em rela\u00e7\u00e3o a setembro de 2021.<\/p>\n<p>Os pre\u00e7os internacionais dos adubos e dos fertilizantes subiram 47,4% em setembro, na compara\u00e7\u00e3o com o mesmo m\u00eas do ano passado. O pre\u00e7o m\u00e9dio dos combust\u00edveis comprados do exterior aumentou 53,3% na mesma compara\u00e7\u00e3o. No trigo, outro produto que o Brasil importa em grande quantidade, a alta chega a 58,2%.<\/p>\n<p><span style=\"font-weight: 400;\">Fonte: Ag\u00eancia Brasil <\/span><\/p>\n","protected":false},"excerpt":{"rendered":"<p>O aumento de gastos com fertilizantes e combust\u00edveis fez o Minist\u00e9rio da Economia revisar para baixo a proje\u00e7\u00e3o de super\u00e1vit comercial (exporta\u00e7\u00f5es menos importa\u00e7\u00f5es) este ano. A estimativa caiu de US$ 81,5 bilh\u00f5es, previstos em abril, para US$ 55,4 bilh\u00f5es, uma redu\u00e7\u00e3o de 32,7%. A cada 3 meses, o governo divulga uma nova previs\u00e3o. Apesar [&hellip;]<\/p>\n","protected":false},"author":246,"featured_media":205001,"comment_status":"closed","ping_status":"closed","sticky":false,"template":"","format":"standard","meta":{"footnotes":""},"categories":[436,261,439],"tags":[],"class_list":["post-205000","post","type-post","status-publish","format-standard","has-post-thumbnail","hentry","category-destaque-da-semana","category-economia","category-ultima-hora"],"_links":{"self":[{"href":"https:\/\/diarioregionaldigital.com.br\/index.php?rest_route=\/wp\/v2\/posts\/205000","targetHints":{"allow":["GET"]}}],"collection":[{"href":"https:\/\/diarioregionaldigital.com.br\/index.php?rest_route=\/wp\/v2\/posts"}],"about":[{"href":"https:\/\/diarioregionaldigital.com.br\/index.php?rest_route=\/wp\/v2\/types\/post"}],"author":[{"embeddable":true,"href":"https:\/\/diarioregionaldigital.com.br\/index.php?rest_route=\/wp\/v2\/users\/246"}],"replies":[{"embeddable":true,"href":"https:\/\/diarioregionaldigital.com.br\/index.php?rest_route=%2Fwp%2Fv2%2Fcomments&post=205000"}],"version-history":[{"count":1,"href":"https:\/\/diarioregionaldigital.com.br\/index.php?rest_route=\/wp\/v2\/posts\/205000\/revisions"}],"predecessor-version":[{"id":205002,"href":"https:\/\/diarioregionaldigital.com.br\/index.php?rest_route=\/wp\/v2\/posts\/205000\/revisions\/205002"}],"wp:featuredmedia":[{"embeddable":true,"href":"https:\/\/diarioregionaldigital.com.br\/index.php?rest_route=\/wp\/v2\/media\/205001"}],"wp:attachment":[{"href":"https:\/\/diarioregionaldigital.com.br\/index.php?rest_route=%2Fwp%2Fv2%2Fmedia&parent=205000"}],"wp:term":[{"taxonomy":"category","embeddable":true,"href":"https:\/\/diarioregionaldigital.com.br\/index.php?rest_route=%2Fwp%2Fv2%2Fcategories&post=205000"},{"taxonomy":"post_tag","embeddable":true,"href":"https:\/\/diarioregionaldigital.com.br\/index.php?rest_route=%2Fwp%2Fv2%2Ftags&post=205000"}],"curies":[{"name":"wp","href":"https:\/\/api.w.org\/{rel}","templated":true}]}}