{"id":204997,"date":"2022-10-03T20:15:53","date_gmt":"2022-10-03T23:15:53","guid":{"rendered":"https:\/\/diarioregionaldigital.com.br\/?p=204997"},"modified":"2022-10-03T20:15:53","modified_gmt":"2022-10-03T23:15:53","slug":"dolar-cai-4-e-bolsa-sobe-55-no-dia-seguinte-ao-primeiro-turno","status":"publish","type":"post","link":"https:\/\/diarioregionaldigital.com.br\/?p=204997","title":{"rendered":"D\u00f3lar cai 4%, e bolsa sobe 5,5% no dia seguinte ao primeiro turno"},"content":{"rendered":"<p>O dia seguinte \u00e0 realiza\u00e7\u00e3o do primeiro turno foi marcado pela euforia no mercado financeiro. O d\u00f3lar caiu mais de 4% e teve a maior queda di\u00e1ria desde 2018. A bolsa de valores subiu 5,5% e registrou o maior ganho di\u00e1rio desde 2020.<\/p>\n<p>O d\u00f3lar comercial encerrou a segunda-feira (3) vendido a R$ 5,174, com queda de R$ 0,221 (-4,09%). A cota\u00e7\u00e3o, que tinha encerrado a \u00faltima sexta-feira (30) pr\u00f3xima de R$ 5,40, abriu em R$ 5,28 e caiu ainda mais durante o preg\u00e3o. Na m\u00ednima do dia, por volta das 13h45, chegou a R$ 5,15.<\/p>\n<p>Esta foi a maior queda di\u00e1ria da moeda norte-americana desde 8 de junho de 2018. Na ocasi\u00e3o, o d\u00f3lar caiu 5,6% ap\u00f3s o Banco Central (BC) intervir no c\u00e2mbio no rescaldo da greve dos caminhoneiros. Em 2022, a divisa acumula queda de 7,21%.<\/p>\n<p>No mercado de a\u00e7\u00f5es, o dia foi dominado por fortes ganhos. O \u00edndice Ibovespa, da B3, fechou aos 116.134 pontos, com alta de 5,54%. Foi a maior alta para um dia desde 6 de abril de 2020, quando o mercado financeiro atravessava fortes momentos de volatilidade no in\u00edcio da pandemia de covid-19.<\/p>\n<p>As a\u00e7\u00f5es da Petrobras, as mais negociadas na bolsa, tiveram forte alta. Os pap\u00e9is ordin\u00e1rios (com voto em assembleia de acionistas) subiu 8,86%. As a\u00e7\u00f5es preferenciais (com prioridade na distribui\u00e7\u00e3o de dividendos) valorizaram-se 7,99%.<\/p>\n<p>Dois fatores contribu\u00edram para os ganhos no mercado financeiro. O primeiro foi a repercuss\u00e3o do resultado da vota\u00e7\u00e3o de ontem, que confirmou o segundo turno entre os candidatos \u00e0 Presid\u00eancia da Rep\u00fablica Luiz In\u00e1cio Lula da Silva (PT) e Jair Bolsonaro (PL). O segundo foi a recupera\u00e7\u00e3o do mercado internacional.<\/p>\n<p>Ap\u00f3s sucessivos dias de queda, as bolsas norte-americanas fecharam com ganhos expressivos. O \u00edndice Dow Jones, das empresas industriais, avan\u00e7ou 2,66%. O S&amp;P 500, das maiores empresas, valorizou-se 2,59%. O Nasdaq, das empresas de tecnologia, subiu 2,27%. A atividade industrial nos Estados Unidos teve, em setembro, o menor crescimento em dois anos e meio, o que reduz as press\u00f5es para que o Federal Reserve (Fed, Banco Central norte-americano) eleve os juros al\u00e9m do previsto, favorecendo o mercado de a\u00e7\u00f5es.<\/p>\n<p><span style=\"font-weight: 400;\">Fonte: Ag\u00eancia Brasil <\/span><\/p>\n","protected":false},"excerpt":{"rendered":"<p>O dia seguinte \u00e0 realiza\u00e7\u00e3o do primeiro turno foi marcado pela euforia no mercado financeiro. O d\u00f3lar caiu mais de 4% e teve a maior queda di\u00e1ria desde 2018. A bolsa de valores subiu 5,5% e registrou o maior ganho di\u00e1rio desde 2020. O d\u00f3lar comercial encerrou a segunda-feira (3) vendido a R$ 5,174, com [&hellip;]<\/p>\n","protected":false},"author":246,"featured_media":204998,"comment_status":"closed","ping_status":"closed","sticky":false,"template":"","format":"standard","meta":{"footnotes":""},"categories":[436,440,261,439],"tags":[],"class_list":["post-204997","post","type-post","status-publish","format-standard","has-post-thumbnail","hentry","category-destaque-da-semana","category-destaques-do-dia","category-economia","category-ultima-hora"],"_links":{"self":[{"href":"https:\/\/diarioregionaldigital.com.br\/index.php?rest_route=\/wp\/v2\/posts\/204997","targetHints":{"allow":["GET"]}}],"collection":[{"href":"https:\/\/diarioregionaldigital.com.br\/index.php?rest_route=\/wp\/v2\/posts"}],"about":[{"href":"https:\/\/diarioregionaldigital.com.br\/index.php?rest_route=\/wp\/v2\/types\/post"}],"author":[{"embeddable":true,"href":"https:\/\/diarioregionaldigital.com.br\/index.php?rest_route=\/wp\/v2\/users\/246"}],"replies":[{"embeddable":true,"href":"https:\/\/diarioregionaldigital.com.br\/index.php?rest_route=%2Fwp%2Fv2%2Fcomments&post=204997"}],"version-history":[{"count":1,"href":"https:\/\/diarioregionaldigital.com.br\/index.php?rest_route=\/wp\/v2\/posts\/204997\/revisions"}],"predecessor-version":[{"id":204999,"href":"https:\/\/diarioregionaldigital.com.br\/index.php?rest_route=\/wp\/v2\/posts\/204997\/revisions\/204999"}],"wp:featuredmedia":[{"embeddable":true,"href":"https:\/\/diarioregionaldigital.com.br\/index.php?rest_route=\/wp\/v2\/media\/204998"}],"wp:attachment":[{"href":"https:\/\/diarioregionaldigital.com.br\/index.php?rest_route=%2Fwp%2Fv2%2Fmedia&parent=204997"}],"wp:term":[{"taxonomy":"category","embeddable":true,"href":"https:\/\/diarioregionaldigital.com.br\/index.php?rest_route=%2Fwp%2Fv2%2Fcategories&post=204997"},{"taxonomy":"post_tag","embeddable":true,"href":"https:\/\/diarioregionaldigital.com.br\/index.php?rest_route=%2Fwp%2Fv2%2Ftags&post=204997"}],"curies":[{"name":"wp","href":"https:\/\/api.w.org\/{rel}","templated":true}]}}