{"id":204985,"date":"2022-09-30T20:36:35","date_gmt":"2022-09-30T23:36:35","guid":{"rendered":"https:\/\/diarioregionaldigital.com.br\/?p=204985"},"modified":"2022-09-30T20:36:35","modified_gmt":"2022-09-30T23:36:35","slug":"turismo-domestico-pode-ser-feito-com-visitas-guiadas-no-planetario-e-telescopio-da-ufjf","status":"publish","type":"post","link":"https:\/\/diarioregionaldigital.com.br\/?p=204985","title":{"rendered":"Turismo dom\u00e9stico pode ser feito com visitas guiadas no Planet\u00e1rio e Telesc\u00f3pio da UFJF"},"content":{"rendered":"<p>Segundo informa\u00e7\u00f5es do site da Prefeitura de Juiz de Fora (PJF), durante as celebra\u00e7\u00f5es do Dia Mundial do Turismo, que ocorreu no dia 27 de setembro, a Prefeitura de Juiz de Fora (PJF) proporcionou para 15 moradores locais e turistas uma visita guiada aos espa\u00e7os de exposi\u00e7\u00e3o do Centro de Ci\u00eancias da Universidade Federal de Juiz de Fora (UFJF), seguido de uma experi\u00eancia inesquec\u00edvel no Observat\u00f3rio e uma sess\u00e3o do Planet\u00e1rio Astron\u00f4mico. Estes espa\u00e7os est\u00e3o franqueados \u00e0 popula\u00e7\u00e3o em geral que pode desfrutar de novas experi\u00eancias.<\/p>\n<p>&nbsp;<\/p>\n<p>Este \u00e9 um turismo dom\u00e9stico inteiramente gratuito, bastando agendar uma visita pelo site da UFJF. Adultos e crian\u00e7as ficar\u00e3o encantados com as informa\u00e7\u00f5es e com a possibilidade de contemplar o universo por meio de um grande telesc\u00f3pio com meio metro de di\u00e2metro.<\/p>\n<p>&nbsp;<\/p>\n<p>Durante o percurso da visita\u00e7\u00e3o, o p\u00fablico tem a oportunidade de conhecer como a biologia, qu\u00edmica e f\u00edsica est\u00e3o presentes no dia a dia, por meio de experimentos l\u00fadicos e interativos. Al\u00e9m de valorizar a hist\u00f3ria da humanidade pelo vi\u00e9s da ci\u00eancia.\u00a0O primeiro local para visita\u00e7\u00e3o \u00e9 o museu de Malacologia, com grandes variedades de conchas marinhas e moluscos vivos dentro de aqu\u00e1rios e terr\u00e1rios.\u00a0Tamb\u00e9m \u00e9 poss\u00edvel fazer uma viagem pelo sistema solar durante uma breve explica\u00e7\u00e3o sobre os astros e planetas, no espa\u00e7o onde est\u00e1 localizado um\u00a0telesc\u00f3pio de 20 polegadas (50,8 cent\u00edmetros), o maior telesc\u00f3pio did\u00e1tico do pa\u00eds.<\/p>\n<p>&nbsp;<\/p>\n<p>Na sequ\u00eancia, \u00e9 poss\u00edvel visitar o maior Planet\u00e1rio de Minas Gerais, com 12 metros de di\u00e2metro e de um sistema de proje\u00e7\u00e3o de qualidade internacional. O Planet\u00e1rio faz parte de um dos maiores complexos de divulga\u00e7\u00e3o cient\u00edfica do pa\u00eds. No local, \u00e9 exibido um v\u00eddeo de dez minutos em que o p\u00fablico pode vislumbrar um verdadeiro c\u00e9u estrelado e observar o movimento de rota\u00e7\u00e3o da Terra.<\/p>\n<p>&nbsp;<\/p>\n<p>Inaugurado no Campus da UFJF no dia 03 de julho de 2017, o Centro de Ci\u00eancias da UFJF \u00e9 refer\u00eancia nacional em divulga\u00e7\u00e3o cient\u00edfica. Vale ressaltar que o espa\u00e7o funcionou no Col\u00e9gio de Aplica\u00e7\u00e3o Jo\u00e3o XXIII por mais de uma d\u00e9cada. O local \u00e9 aberto para visita\u00e7\u00e3o da comunidade, seja individual ou em grupo, al\u00e9m de escolas p\u00fablicas e privadas de Juiz de Fora e regi\u00e3o. Em rela\u00e7\u00e3o \u00e0s institui\u00e7\u00f5es de ensino, o n\u00famero m\u00ednimo\u00a0de visitantes \u00e9 20 e o m\u00e1ximo 40, sendo 5 o n\u00famero m\u00e1ximo de acompanhantes.\u00a0\u00c9 necess\u00e1rio realizar um cadastro pr\u00e9vio no site oficial da UFJF, no qual est\u00e3o dispon\u00edveis os hor\u00e1rios de funcionamento e regras. Em caso de d\u00favida, entre em contato com os telefones\u00a0(32) 2102-6913 ou (32) 2102-6914.<\/p>\n<p>&nbsp;<\/p>\n","protected":false},"excerpt":{"rendered":"<p>Segundo informa\u00e7\u00f5es do site da Prefeitura de Juiz de Fora (PJF), durante as celebra\u00e7\u00f5es do Dia Mundial do Turismo, que ocorreu no dia 27 de setembro, a Prefeitura de Juiz de Fora (PJF) proporcionou para 15 moradores locais e turistas uma visita guiada aos espa\u00e7os de exposi\u00e7\u00e3o do Centro de Ci\u00eancias da Universidade Federal de [&hellip;]<\/p>\n","protected":false},"author":246,"featured_media":204986,"comment_status":"closed","ping_status":"closed","sticky":false,"template":"","format":"standard","meta":{"footnotes":""},"categories":[253,436,439],"tags":[],"class_list":["post-204985","post","type-post","status-publish","format-standard","has-post-thumbnail","hentry","category-cidade","category-destaque-da-semana","category-ultima-hora"],"_links":{"self":[{"href":"https:\/\/diarioregionaldigital.com.br\/index.php?rest_route=\/wp\/v2\/posts\/204985","targetHints":{"allow":["GET"]}}],"collection":[{"href":"https:\/\/diarioregionaldigital.com.br\/index.php?rest_route=\/wp\/v2\/posts"}],"about":[{"href":"https:\/\/diarioregionaldigital.com.br\/index.php?rest_route=\/wp\/v2\/types\/post"}],"author":[{"embeddable":true,"href":"https:\/\/diarioregionaldigital.com.br\/index.php?rest_route=\/wp\/v2\/users\/246"}],"replies":[{"embeddable":true,"href":"https:\/\/diarioregionaldigital.com.br\/index.php?rest_route=%2Fwp%2Fv2%2Fcomments&post=204985"}],"version-history":[{"count":1,"href":"https:\/\/diarioregionaldigital.com.br\/index.php?rest_route=\/wp\/v2\/posts\/204985\/revisions"}],"predecessor-version":[{"id":204987,"href":"https:\/\/diarioregionaldigital.com.br\/index.php?rest_route=\/wp\/v2\/posts\/204985\/revisions\/204987"}],"wp:featuredmedia":[{"embeddable":true,"href":"https:\/\/diarioregionaldigital.com.br\/index.php?rest_route=\/wp\/v2\/media\/204986"}],"wp:attachment":[{"href":"https:\/\/diarioregionaldigital.com.br\/index.php?rest_route=%2Fwp%2Fv2%2Fmedia&parent=204985"}],"wp:term":[{"taxonomy":"category","embeddable":true,"href":"https:\/\/diarioregionaldigital.com.br\/index.php?rest_route=%2Fwp%2Fv2%2Fcategories&post=204985"},{"taxonomy":"post_tag","embeddable":true,"href":"https:\/\/diarioregionaldigital.com.br\/index.php?rest_route=%2Fwp%2Fv2%2Ftags&post=204985"}],"curies":[{"name":"wp","href":"https:\/\/api.w.org\/{rel}","templated":true}]}}