{"id":204979,"date":"2022-09-30T20:29:28","date_gmt":"2022-09-30T23:29:28","guid":{"rendered":"https:\/\/diarioregionaldigital.com.br\/?p=204979"},"modified":"2022-09-30T20:29:28","modified_gmt":"2022-09-30T23:29:28","slug":"prefeitura-segue-com-as-podas-e-cortes-de-arvores-na-praca-melquita","status":"publish","type":"post","link":"https:\/\/diarioregionaldigital.com.br\/?p=204979","title":{"rendered":"Prefeitura segue com as podas e cortes de \u00e1rvores na pra\u00e7a Melquita"},"content":{"rendered":"<p>Segundo informa\u00e7\u00f5es do site da Prefeitura de Juiz de Fora (PJF), trabalhadores da Prefeitura de Juiz de Fora (PJF) deram sequ\u00eancia nesta sexta-feira, 30, aos trabalhos de poda e cortes de \u00e1rvores na pra\u00e7a Pedro Marques (Melquita), no bairro Santa Helena.<\/p>\n<p>As interven\u00e7\u00f5es acontecem ap\u00f3s a queda de parte de uma \u00e1rvore de grande porte na tarde da \u00faltima ter\u00e7a-feira, 27. O incidente, al\u00e9m de condenar a estrutura de uma segunda \u00e1rvore atingida, afetou tamb\u00e9m parte do parc\u00e3o, recentemente inaugurado, localizado no centro da pra\u00e7a, e um muro grafitado no projeto \u201c\u00c9 n\u00f3is na pra\u00e7a\u201d.<\/p>\n<p>Cabe ressaltar que as interven\u00e7\u00f5es, apesar de causarem um grande impacto no local, s\u00e3o necess\u00e1rias para garantir a seguran\u00e7a das pessoas que frequentam a pra\u00e7a. Preventivamente, todas as \u00e1rvores da pra\u00e7a da Melquita receberam podas higi\u00eanicas em 2021 e em 2022.<\/p>\n<p>A previs\u00e3o \u00e9 que os trabalhos sejam conclu\u00eddos at\u00e9 o final da pr\u00f3xima semana. Ap\u00f3s a execu\u00e7\u00e3o de todos os cortes e podas autorizados pela\u00a0 Secretaria de Sustentabilidade em Meio Ambiente e Atividades Urbanas (Sesmaur), a Empresa Municipal de Pavimenta\u00e7\u00e3o e Urbanidades (Empav) ir\u00e1 realizar os reparos necess\u00e1rios nos equipamentos danificados.<\/p>\n<p>&nbsp;<\/p>\n<p><strong>Poda na Rua da Bahia\u00a0<\/strong><\/p>\n<p>Outra equipe da Empav segue mobilizada com a poda da \u201c\u00c1rvore da Vida\u201d, na rua da Bahia, Centro. Ap\u00f3s o temporal, com ventos de quase 100 km\/h, que atingiu a cidade no dia 21 de setembro, parte da \u00e1rvore caiu sobre a via e alguns galhos na pista direita do viaduto Radialista Jos\u00e9 Vicente de Barros.<\/p>\n<p>No momento, os trabalhadores da Empav seguem com a execu\u00e7\u00e3o de uma poda dr\u00e1stica, que consiste na retirada de toda a copa da \u00e1rvore, uma alternativa quando a esp\u00e9cie ainda tem possibilidade de sobreviv\u00eancia, e uma forma de evitar riscos a pedestres e motoristas que transitam pelo local.<\/p>\n","protected":false},"excerpt":{"rendered":"<p>Segundo informa\u00e7\u00f5es do site da Prefeitura de Juiz de Fora (PJF), trabalhadores da Prefeitura de Juiz de Fora (PJF) deram sequ\u00eancia nesta sexta-feira, 30, aos trabalhos de poda e cortes de \u00e1rvores na pra\u00e7a Pedro Marques (Melquita), no bairro Santa Helena. As interven\u00e7\u00f5es acontecem ap\u00f3s a queda de parte de uma \u00e1rvore de grande porte [&hellip;]<\/p>\n","protected":false},"author":246,"featured_media":204980,"comment_status":"closed","ping_status":"closed","sticky":false,"template":"","format":"standard","meta":{"footnotes":""},"categories":[253,436,439],"tags":[],"class_list":["post-204979","post","type-post","status-publish","format-standard","has-post-thumbnail","hentry","category-cidade","category-destaque-da-semana","category-ultima-hora"],"_links":{"self":[{"href":"https:\/\/diarioregionaldigital.com.br\/index.php?rest_route=\/wp\/v2\/posts\/204979","targetHints":{"allow":["GET"]}}],"collection":[{"href":"https:\/\/diarioregionaldigital.com.br\/index.php?rest_route=\/wp\/v2\/posts"}],"about":[{"href":"https:\/\/diarioregionaldigital.com.br\/index.php?rest_route=\/wp\/v2\/types\/post"}],"author":[{"embeddable":true,"href":"https:\/\/diarioregionaldigital.com.br\/index.php?rest_route=\/wp\/v2\/users\/246"}],"replies":[{"embeddable":true,"href":"https:\/\/diarioregionaldigital.com.br\/index.php?rest_route=%2Fwp%2Fv2%2Fcomments&post=204979"}],"version-history":[{"count":1,"href":"https:\/\/diarioregionaldigital.com.br\/index.php?rest_route=\/wp\/v2\/posts\/204979\/revisions"}],"predecessor-version":[{"id":204981,"href":"https:\/\/diarioregionaldigital.com.br\/index.php?rest_route=\/wp\/v2\/posts\/204979\/revisions\/204981"}],"wp:featuredmedia":[{"embeddable":true,"href":"https:\/\/diarioregionaldigital.com.br\/index.php?rest_route=\/wp\/v2\/media\/204980"}],"wp:attachment":[{"href":"https:\/\/diarioregionaldigital.com.br\/index.php?rest_route=%2Fwp%2Fv2%2Fmedia&parent=204979"}],"wp:term":[{"taxonomy":"category","embeddable":true,"href":"https:\/\/diarioregionaldigital.com.br\/index.php?rest_route=%2Fwp%2Fv2%2Fcategories&post=204979"},{"taxonomy":"post_tag","embeddable":true,"href":"https:\/\/diarioregionaldigital.com.br\/index.php?rest_route=%2Fwp%2Fv2%2Ftags&post=204979"}],"curies":[{"name":"wp","href":"https:\/\/api.w.org\/{rel}","templated":true}]}}