{"id":204976,"date":"2022-09-30T20:24:43","date_gmt":"2022-09-30T23:24:43","guid":{"rendered":"https:\/\/diarioregionaldigital.com.br\/?p=204976"},"modified":"2022-09-30T20:24:43","modified_gmt":"2022-09-30T23:24:43","slug":"mais-de-70-escolas-se-inscreveram-para-participar-das-visitas-mediadas-ao-museu-mariano-procopio","status":"publish","type":"post","link":"https:\/\/diarioregionaldigital.com.br\/?p=204976","title":{"rendered":"Mais de 70 escolas se inscreveram para participar das visitas mediadas ao Museu Mariano Proc\u00f3pio"},"content":{"rendered":"<p>Segundo informa\u00e7\u00f5es do site da Prefeitura de Juiz de Fora (PJF), escolas de todas as partes de Juiz de Fora e regi\u00e3o se inscreveram para a realiza\u00e7\u00e3o de visitas mediadas na nova exposi\u00e7\u00e3o do Museu Mariano Proc\u00f3pio, \u201cRememorar o Brasil: a independ\u00eancia e a constru\u00e7\u00e3o do Estado-Na\u00e7\u00e3o\u201d. Ao todo, cerca de 70 escolas preencheram o formul\u00e1rio e garantiram a visita de seus alunos. Como resultado, todas as vagas para o ano de 2022 j\u00e1 foram preenchidas.<\/p>\n<p>&nbsp;<\/p>\n<p>As visitas, que duram cerca de 1h30, acontecem de ter\u00e7a a sexta-feira, nos turnos da manh\u00e3 e da tarde e s\u00e3o realizadas pela equipe de a\u00e7\u00f5es culturais e educativas da institui\u00e7\u00e3o. Durante o passeio, os visitantes podem conhecer um pouco da hist\u00f3ria do Brasil contada atrav\u00e9s dos itens do acervo do museu, dos textos elaborados pelos historiadores e das explica\u00e7\u00f5es da equipe.<\/p>\n<p>&nbsp;<\/p>\n<p>Em breve, ser\u00e1 aberto o agendamento para as visitas no ano de 2023, que contar\u00e1 com outros espa\u00e7os do museu que ser\u00e3o abertos em breve. Enquanto isso, \u00e9 poss\u00edvel realizar a visita espont\u00e2nea durante a semana, de ter\u00e7a \u00e0 sexta-feira, das 9h \u00e0s 16h, e s\u00e1bados, domingos e feriados, das 10h30 \u00e0s 16h. Outra novidade \u00e9 que foram abertas vagas de estacionamento para cadeirantes e pessoas com dificuldade de locomo\u00e7\u00e3o pr\u00f3ximos ao pr\u00e9dio do museu, com acesso pela Rua Dom Pedro II, 350.<\/p>\n","protected":false},"excerpt":{"rendered":"<p>Segundo informa\u00e7\u00f5es do site da Prefeitura de Juiz de Fora (PJF), escolas de todas as partes de Juiz de Fora e regi\u00e3o se inscreveram para a realiza\u00e7\u00e3o de visitas mediadas na nova exposi\u00e7\u00e3o do Museu Mariano Proc\u00f3pio, \u201cRememorar o Brasil: a independ\u00eancia e a constru\u00e7\u00e3o do Estado-Na\u00e7\u00e3o\u201d. Ao todo, cerca de 70 escolas preencheram o [&hellip;]<\/p>\n","protected":false},"author":246,"featured_media":204977,"comment_status":"closed","ping_status":"closed","sticky":false,"template":"","format":"standard","meta":{"footnotes":""},"categories":[253,436,440,439],"tags":[],"class_list":["post-204976","post","type-post","status-publish","format-standard","has-post-thumbnail","hentry","category-cidade","category-destaque-da-semana","category-destaques-do-dia","category-ultima-hora"],"_links":{"self":[{"href":"https:\/\/diarioregionaldigital.com.br\/index.php?rest_route=\/wp\/v2\/posts\/204976","targetHints":{"allow":["GET"]}}],"collection":[{"href":"https:\/\/diarioregionaldigital.com.br\/index.php?rest_route=\/wp\/v2\/posts"}],"about":[{"href":"https:\/\/diarioregionaldigital.com.br\/index.php?rest_route=\/wp\/v2\/types\/post"}],"author":[{"embeddable":true,"href":"https:\/\/diarioregionaldigital.com.br\/index.php?rest_route=\/wp\/v2\/users\/246"}],"replies":[{"embeddable":true,"href":"https:\/\/diarioregionaldigital.com.br\/index.php?rest_route=%2Fwp%2Fv2%2Fcomments&post=204976"}],"version-history":[{"count":1,"href":"https:\/\/diarioregionaldigital.com.br\/index.php?rest_route=\/wp\/v2\/posts\/204976\/revisions"}],"predecessor-version":[{"id":204978,"href":"https:\/\/diarioregionaldigital.com.br\/index.php?rest_route=\/wp\/v2\/posts\/204976\/revisions\/204978"}],"wp:featuredmedia":[{"embeddable":true,"href":"https:\/\/diarioregionaldigital.com.br\/index.php?rest_route=\/wp\/v2\/media\/204977"}],"wp:attachment":[{"href":"https:\/\/diarioregionaldigital.com.br\/index.php?rest_route=%2Fwp%2Fv2%2Fmedia&parent=204976"}],"wp:term":[{"taxonomy":"category","embeddable":true,"href":"https:\/\/diarioregionaldigital.com.br\/index.php?rest_route=%2Fwp%2Fv2%2Fcategories&post=204976"},{"taxonomy":"post_tag","embeddable":true,"href":"https:\/\/diarioregionaldigital.com.br\/index.php?rest_route=%2Fwp%2Fv2%2Ftags&post=204976"}],"curies":[{"name":"wp","href":"https:\/\/api.w.org\/{rel}","templated":true}]}}