{"id":204973,"date":"2022-09-30T20:02:26","date_gmt":"2022-09-30T23:02:26","guid":{"rendered":"https:\/\/diarioregionaldigital.com.br\/?p=204973"},"modified":"2022-09-30T20:02:26","modified_gmt":"2022-09-30T23:02:26","slug":"brasil-vence-na-estreia-e-vai-a-2a-rodada-do-mundial-de-tenis-de-mesa","status":"publish","type":"post","link":"https:\/\/diarioregionaldigital.com.br\/?p=204973","title":{"rendered":"Brasil vence na estreia e vai \u00e0 2\u00aa rodada do Mundial de T\u00eanis de Mesa"},"content":{"rendered":"<p>As equipes brasileiras feminina e masculina estrearam com vit\u00f3ria na madrugada desta sexta-feira (30) no Mundial de T\u00eanis de Mesa em Chengdu (China) e avan\u00e7aram \u00e0 segunda rodada . O trio feminino (irm\u00e3s Bruna e Giulia Takahashi, e Laura Watanabe) sobrou diante da \u00c1frica do Sul: ganhou por 3 sets a 0 (11\/4, 11\/5 e 11\/1). Elas voltam a jogar hoje (30), \u00e0s 23h (hor\u00e1rio de Bras\u00edlia), contra a It\u00e1lia.\u00a0<a href=\"https:\/\/www.youtube.com\/c\/WTTGlobal\">A partida ser\u00e1 transmitida ao vivo\u00a0<\/a>no YouTube do Mundial. As brasileiras no\u00a0Grupo 3 (os demais integrantes s\u00e3o Fran\u00e7a e Hong Kong, este \u00faltimo cabe\u00e7a de chave).<img decoding=\"async\" src=\"https:\/\/agenciabrasil.ebc.com.br\/ebc.png?id=1485307&amp;o=node\" \/><img decoding=\"async\" src=\"https:\/\/agenciabrasil.ebc.com.br\/ebc.gif?id=1485307&amp;o=node\" \/><\/p>\n<p>O time masculino &#8211; Hugo Calderano, Vitor Ishiy e Eric Jouti \u2013 tamb\u00e9m levou a melhor sobre a Dinamarca no primeiro duelo da competi\u00e7\u00e3o: triunfo por 3 sets a 1 ((9\/11, 11\/9, 11\/6 e 11\/9). O pr\u00f3ximo duelo dos brasileiros ser\u00e1 contra Portugal, neste s\u00e1bado (1\u00ba de outubro), tamb\u00e9m\u00a0<a href=\"https:\/\/www.youtube.com\/c\/WTTGlobal\">transmiss\u00e3o ao vivo<\/a>.\u00a0O Brasil \u00e9 cabe\u00e7a de chave do Grupo 6, que tem ainda\u00a0Eslov\u00e1quia.<\/p>\n<h2>Partidas<\/h2>\n<p>Na estreia das brasileiras contra as sul-africanas, a primeira a competir foi Bruna Takahashi, de 22 anos, que atropelou Muskiquh Kalan em sets diretos ((11\/4, 11\/2 e 11\/5). Sem seguida, a irm\u00e3 Giulia, de 17 anos, em sua estreia em Mundiais, superou com facilidade Danisha Patel, tamb\u00e9m por 3 sets a 0 ((11\/3, 11\/4 e 11\/7). Por \u00faltimo, foi a vez de outra debutante na competi\u00e7\u00e3o: \u00a0Laura Watanabe, de 18 anos. A mesatenista n\u00e3o poupou a advers\u00e1ria, triunfando por 3 a 0 (11\/4, 11\/5 e 11\/1).<\/p>\n<p>Diferente das meninas, os brasileiros tiveram de quebrar a estrat\u00e9gia dinamarquesa para assegurar a vit\u00f3ria. O carioca Hugo Calderano, n\u00famero cinco do mundo, passou f\u00e1cil por Martin Buch Andersen, terceiro atleta da Dinamarca, ganhando em sets diretos 1\/5, 11\/5 e 11\/. No duelo seguinte, Vitor Ishiy enfrentou Anders Lind e perdeu por 3 sets a 1 (11\/7, 9\/11, 12\/10 e 11\/5). Na sequ\u00eancia, Erick Jouti devolveu o placar diante do canhoto Tobias Rasmussen: ganhou por 3 a 1 (11\/7, 9\/11, 12\/10 e 11\/5). Quem selou a vit\u00f3ria do Brasil foi Calderano que fechou a \u00faltima partida em\u00a03 a 1 (\u00a0(9\/11, 11\/9, 11\/6 e 11\/9).<\/p>\n<p><span style=\"font-weight: 400;\">Fonte: Ag\u00eancia Brasil <\/span><\/p>\n","protected":false},"excerpt":{"rendered":"<p>As equipes brasileiras feminina e masculina estrearam com vit\u00f3ria na madrugada desta sexta-feira (30) no Mundial de T\u00eanis de Mesa em Chengdu (China) e avan\u00e7aram \u00e0 segunda rodada . O trio feminino (irm\u00e3s Bruna e Giulia Takahashi, e Laura Watanabe) sobrou diante da \u00c1frica do Sul: ganhou por 3 sets a 0 (11\/4, 11\/5 e [&hellip;]<\/p>\n","protected":false},"author":246,"featured_media":204974,"comment_status":"closed","ping_status":"closed","sticky":false,"template":"","format":"standard","meta":{"footnotes":""},"categories":[436,257,439],"tags":[],"class_list":["post-204973","post","type-post","status-publish","format-standard","has-post-thumbnail","hentry","category-destaque-da-semana","category-esporte","category-ultima-hora"],"_links":{"self":[{"href":"https:\/\/diarioregionaldigital.com.br\/index.php?rest_route=\/wp\/v2\/posts\/204973","targetHints":{"allow":["GET"]}}],"collection":[{"href":"https:\/\/diarioregionaldigital.com.br\/index.php?rest_route=\/wp\/v2\/posts"}],"about":[{"href":"https:\/\/diarioregionaldigital.com.br\/index.php?rest_route=\/wp\/v2\/types\/post"}],"author":[{"embeddable":true,"href":"https:\/\/diarioregionaldigital.com.br\/index.php?rest_route=\/wp\/v2\/users\/246"}],"replies":[{"embeddable":true,"href":"https:\/\/diarioregionaldigital.com.br\/index.php?rest_route=%2Fwp%2Fv2%2Fcomments&post=204973"}],"version-history":[{"count":1,"href":"https:\/\/diarioregionaldigital.com.br\/index.php?rest_route=\/wp\/v2\/posts\/204973\/revisions"}],"predecessor-version":[{"id":204975,"href":"https:\/\/diarioregionaldigital.com.br\/index.php?rest_route=\/wp\/v2\/posts\/204973\/revisions\/204975"}],"wp:featuredmedia":[{"embeddable":true,"href":"https:\/\/diarioregionaldigital.com.br\/index.php?rest_route=\/wp\/v2\/media\/204974"}],"wp:attachment":[{"href":"https:\/\/diarioregionaldigital.com.br\/index.php?rest_route=%2Fwp%2Fv2%2Fmedia&parent=204973"}],"wp:term":[{"taxonomy":"category","embeddable":true,"href":"https:\/\/diarioregionaldigital.com.br\/index.php?rest_route=%2Fwp%2Fv2%2Fcategories&post=204973"},{"taxonomy":"post_tag","embeddable":true,"href":"https:\/\/diarioregionaldigital.com.br\/index.php?rest_route=%2Fwp%2Fv2%2Ftags&post=204973"}],"curies":[{"name":"wp","href":"https:\/\/api.w.org\/{rel}","templated":true}]}}