{"id":204970,"date":"2022-09-30T20:00:13","date_gmt":"2022-09-30T23:00:13","guid":{"rendered":"https:\/\/diarioregionaldigital.com.br\/?p=204970"},"modified":"2022-09-30T20:00:13","modified_gmt":"2022-09-30T23:00:13","slug":"nathalie-moellhausen-e-guilherme-costa-sao-os-porta-bandeiras-na-abertura-de-assuncao-2022","status":"publish","type":"post","link":"https:\/\/diarioregionaldigital.com.br\/?p=204970","title":{"rendered":"Nathalie Moellhausen e Guilherme Costa s\u00e3o os porta-bandeiras na Abertura de Assun\u00e7\u00e3o 2022"},"content":{"rendered":"<p>A campe\u00e3 mundial de esgrima Nathalie Moellhausen e o nadador Guilherme \u201cCachorr\u00e3o\u201d Costa, bronze nos 400m livre no Mundial Budapeste 2022, foram anunciados como porta-bandeiras do pa\u00eds na Cerim\u00f4nia de Abertura dos Jogos Sul-americanos Assun\u00e7\u00e3o 2022, que ter\u00e1 in\u00edcio neste s\u00e1bado, 1.10, no Est\u00e1dio Defensores Del Chaco. Seb\u00e1stian Pereira, chefe da Miss\u00e3o, deu a not\u00edcia aos atletas nesta sexta-feira, 30.09, na base do Time Brasil. A delega\u00e7\u00e3o conta com 464 atletas em 45 modalidades.<\/p>\n<p>Um dos maiores destaques da nova gera\u00e7\u00e3o da nata\u00e7\u00e3o brasileira, Cachorr\u00e3o, de 23 anos, j\u00e1 tem um hist\u00f3rico de sucesso em Jogos Sul-americanos. Na \u00faltima edi\u00e7\u00e3o, em Cochabamba 2018, ele faturou duas medalhas: ouro nos 400m livre e prata nos 1500m livre.<\/p>\n<p>\u201c\u00c9 uma competi\u00e7\u00e3o superimportante, um passo para os Jogos Ol\u00edmpicos. Eu j\u00e1 vivi essa experi\u00eancia em 2018 e foi muito importante para o meu crescimento\u201d, disse Guilherme.<\/p>\n<p>Nathalie Moellhausen entrou para a hist\u00f3ria da esgrima e do esporte brasileiro ao conquistar o ouro na espada no Mundial de Budapeste, na Hungria, em 2019, numa campanha irretoc\u00e1vel com 12 vit\u00f3rias em 12 combates. Foi a primeira medalha do Brasil em um Mundial da modalidade. Nos Jogos Pan-americanos de Lima, conquistou o bronze na espada individual, repetindo o feito de Toronto 2015.<\/p>\n<p>\u201c\u00c9 a minha primeira vez nos Jogos Sul-americanos. Estou vendo tudo que est\u00e1 sendo feito em Paris, onde moro. Acredito que Assun\u00e7\u00e3o 2022 \u00e9 uma etapa importante nesse ciclo ol\u00edmpico. Fico muito orgulhosa de representar os atletas brasileiros na Cerim\u00f4nia\u201d, disse a esgrimista.<\/p>\n<p>A escolha dos porta-bandeiras mescla, al\u00e9m dos g\u00eaneros, a experi\u00eancia de um dos maiores nomes do esporte ol\u00edmpico do Brasil, com a juventude de um atleta em ascens\u00e3o. N\u00e3o haver\u00e1 restri\u00e7\u00f5es \u00e0 participa\u00e7\u00e3o de atletas e oficiais no desfile de abertura, mas a recomenda\u00e7\u00e3o \u00e9 que, por conta do desgaste f\u00edsico, atletas que compitam no dia 02 evitem a Cerim\u00f4nia.<\/p>\n<p>\u201cA cerim\u00f4nia \u00e9 um momento \u00fanico e que d\u00e1 in\u00edcio ao grande evento! Tenho a certeza da vontade de todos estarem na cerim\u00f4nia, mas precisamos preservar os atletas que ir\u00e3o competir no dia seguinte\u201d, explicou Pereira.<\/p>\n<p>Com dura\u00e7\u00e3o prevista de duas horas, a Cerim\u00f4nia de Abertura ser\u00e1 transmitida ao vivo pelo Canal Ol\u00edmpico do Brasil a partir das 21h, no hor\u00e1rio de Bras\u00edlia. Ser\u00e1 a primeira transmiss\u00e3o dos Jogos Sul-americanos na plataforma de streaming do COB.<\/p>\n<p>Fonte: Comit\u00ea Ol\u00edmpico do Brasil (COB)<\/p>\n","protected":false},"excerpt":{"rendered":"<p>A campe\u00e3 mundial de esgrima Nathalie Moellhausen e o nadador Guilherme \u201cCachorr\u00e3o\u201d Costa, bronze nos 400m livre no Mundial Budapeste 2022, foram anunciados como porta-bandeiras do pa\u00eds na Cerim\u00f4nia de Abertura dos Jogos Sul-americanos Assun\u00e7\u00e3o 2022, que ter\u00e1 in\u00edcio neste s\u00e1bado, 1.10, no Est\u00e1dio Defensores Del Chaco. Seb\u00e1stian Pereira, chefe da Miss\u00e3o, deu a not\u00edcia [&hellip;]<\/p>\n","protected":false},"author":246,"featured_media":204971,"comment_status":"closed","ping_status":"closed","sticky":false,"template":"","format":"standard","meta":{"footnotes":""},"categories":[436,257,439],"tags":[],"class_list":["post-204970","post","type-post","status-publish","format-standard","has-post-thumbnail","hentry","category-destaque-da-semana","category-esporte","category-ultima-hora"],"_links":{"self":[{"href":"https:\/\/diarioregionaldigital.com.br\/index.php?rest_route=\/wp\/v2\/posts\/204970","targetHints":{"allow":["GET"]}}],"collection":[{"href":"https:\/\/diarioregionaldigital.com.br\/index.php?rest_route=\/wp\/v2\/posts"}],"about":[{"href":"https:\/\/diarioregionaldigital.com.br\/index.php?rest_route=\/wp\/v2\/types\/post"}],"author":[{"embeddable":true,"href":"https:\/\/diarioregionaldigital.com.br\/index.php?rest_route=\/wp\/v2\/users\/246"}],"replies":[{"embeddable":true,"href":"https:\/\/diarioregionaldigital.com.br\/index.php?rest_route=%2Fwp%2Fv2%2Fcomments&post=204970"}],"version-history":[{"count":1,"href":"https:\/\/diarioregionaldigital.com.br\/index.php?rest_route=\/wp\/v2\/posts\/204970\/revisions"}],"predecessor-version":[{"id":204972,"href":"https:\/\/diarioregionaldigital.com.br\/index.php?rest_route=\/wp\/v2\/posts\/204970\/revisions\/204972"}],"wp:featuredmedia":[{"embeddable":true,"href":"https:\/\/diarioregionaldigital.com.br\/index.php?rest_route=\/wp\/v2\/media\/204971"}],"wp:attachment":[{"href":"https:\/\/diarioregionaldigital.com.br\/index.php?rest_route=%2Fwp%2Fv2%2Fmedia&parent=204970"}],"wp:term":[{"taxonomy":"category","embeddable":true,"href":"https:\/\/diarioregionaldigital.com.br\/index.php?rest_route=%2Fwp%2Fv2%2Fcategories&post=204970"},{"taxonomy":"post_tag","embeddable":true,"href":"https:\/\/diarioregionaldigital.com.br\/index.php?rest_route=%2Fwp%2Fv2%2Ftags&post=204970"}],"curies":[{"name":"wp","href":"https:\/\/api.w.org\/{rel}","templated":true}]}}