{"id":204967,"date":"2022-09-30T19:55:48","date_gmt":"2022-09-30T22:55:48","guid":{"rendered":"https:\/\/diarioregionaldigital.com.br\/?p=204967"},"modified":"2022-09-30T19:55:48","modified_gmt":"2022-09-30T22:55:48","slug":"ja-classificado-brasil-sofre-1a-derrota-no-mundial-de-volei-feminino","status":"publish","type":"post","link":"https:\/\/diarioregionaldigital.com.br\/?p=204967","title":{"rendered":"J\u00e1 classificado, Brasil sofre 1\u00aa derrota no Mundial de V\u00f4lei Feminino"},"content":{"rendered":"<p>A sele\u00e7\u00e3o brasileira, j\u00e1 classificada \u00e0\u00a0segunda fase do Mundial de v\u00f4lei feminino, sofreu o primeiro rev\u00e9s nesta sexta-feira (30), ao perder para o Jap\u00e3o por 3 sets a 1 (parciais de 25\/22, 25\/19, 17\/25 e 25\/20). \u00a0As asi\u00e1ticas n\u00e3o s\u00f3 quebraram a invencibilidade do Brasil na competi\u00e7\u00e3o \u2013 tr\u00eas vit\u00f3rias seguidas &#8211; em Arnhem (Holanda), como dificultaram a subida do pa\u00eds para o topo do Grupo D, liderado pela China.<img decoding=\"async\" src=\"https:\/\/agenciabrasil.ebc.com.br\/ebc.png?id=1485364&amp;o=node\" \/><img decoding=\"async\" src=\"https:\/\/agenciabrasil.ebc.com.br\/ebc.gif?id=1485364&amp;o=node\" \/><\/p>\n<p>E o \u00faltimo jogo das brasileiras na fase de grupos ser\u00e1 exatamente contra as chinesas, \u00e0s 9h15 (hor\u00e1rio de Bras\u00edlia) deste s\u00e1bado (1\u00ba de outubro). O pa\u00eds est\u00e1 em segundo lugar na chave, com nove pontos, a tr\u00eas de alcan\u00e7ar a l\u00edder China, que tem 100% de aproveitamento, sem um set sequer perdido. Para seguir na busca da lideran\u00e7a, as brasileiras precisar\u00e3o derrotar as chinesas por 3 sets a 0. O total de pontos obtido na fase da grupos \u00e9 levado para a etapa inicial da segunda fase.<\/p>\n<blockquote class=\"twitter-tweet\" data-twitter-extracted-i1664577683471520486=\"true\">\n<p dir=\"ltr\" lang=\"pt\" xml:lang=\"pt\">&#x1f1e7;&#x1f1f7; 1 x 3 &#x1f1ef;&#x1f1f5;<br \/>\n(22\/25, 19\/25, 25\/17 e 20\/25)<\/p>\n<p>Hoje n\u00e3o deu para as nossas meninas. &#x1f614;<\/p>\n<p>Mas vamos com tudo pra cima da &#x1f1e8;&#x1f1f3;!&#x1f4aa;\u00a0<a href=\"https:\/\/t.co\/UiitudALuY\">pic.twitter.com\/UiitudALuY<\/a><\/p>\n<p>\u2014 Time Brasil (@timebrasil)\u00a0<a href=\"https:\/\/twitter.com\/timebrasil\/status\/1575849672853581824?ref_src=twsrc%5Etfw\">September 30, 2022<\/a><\/p><\/blockquote>\n<p>Para o t\u00e9cnico Jos\u00e9 Roberto Guimar\u00e3es o importante \u00e9 a equipe n\u00e3o se deixar abater e manter o foco para o duelo deste s\u00e1bado (1\u00ba).<\/p>\n<blockquote><p>\u201cContra o Jap\u00e3o voc\u00ea tem que jogar pressionando o tempo inteiro. No quarto set, deixamos elas voltarem para o jogo e pagamos um pre\u00e7o alto por isso. No primeiro e segundo sets, corremos atr\u00e1s do Jap\u00e3o o tempo todo e a nossa defesa n\u00e3o funcionou em nenhum momento. Temos que pensar na China porque em menos de 24 horas j\u00e1 vamos estar em quadra novamente. O Mundial \u00e9 uma competi\u00e7\u00e3o longa e temos que levantar a cabe\u00e7a porque ainda tem muita coisa pela frente\u201d, avaliou o treinador, em depoimento \u00e0 Confedera\u00e7\u00e3o Brasileira de V\u00f4lei (CBV).<\/p><\/blockquote>\n<p>As japonesas tamb\u00e9m quebraram hoje (31) um jejum de quase cinco anos sem vit\u00f3rias sobre as brasileiras \u2013 o \u00faltimo\u00a0triunfo nip\u00f4nico ocorreu\u00a0na Copa dos Campe\u00f5es, em 2017.<\/p>\n<p>Os destaques em quadra nesta sexta (30) foram as japonesas Inoue (27 pontos) e Ishikawa (18) e a brasileira Pri Daroit (17).<\/p>\n<p>O Brasil disputa o Mundial feminino com as levantadoras Macris e Roberta; as opostas Kisy e Lorenne; \u00a0as ponteiras Gabi, Rosamaria, Pri Daroit e Tainara; as centrais Carol, Carol Gattaz, Julia Kudiess e Lorena; e as l\u00edberos Nyeme e Natinha. O pa\u00eds estreou com vit\u00f3ria por 3 sets a 1 contra a Rep\u00fablica Tcheca, depois bateu a Argentina por 3 a 0, mesmo placar do triunfo de ontem (29) contra a Col\u00f4mbia. O Mundial re\u00fane 24 equipes divididas em quatro grupos. Avan\u00e7am \u00e0 segunda fase as quatro melhores em cada chave.<\/p>\n<p><span style=\"font-weight: 400;\"><br \/>\n<\/span><span style=\"font-weight: 400;\">Fonte: Ag\u00eancia Brasil\u00a0<\/span><span style=\"font-weight: 400;\"><br \/>\n<\/span><\/p>\n","protected":false},"excerpt":{"rendered":"<p>A sele\u00e7\u00e3o brasileira, j\u00e1 classificada \u00e0\u00a0segunda fase do Mundial de v\u00f4lei feminino, sofreu o primeiro rev\u00e9s nesta sexta-feira (30), ao perder para o Jap\u00e3o por 3 sets a 1 (parciais de 25\/22, 25\/19, 17\/25 e 25\/20). \u00a0As asi\u00e1ticas n\u00e3o s\u00f3 quebraram a invencibilidade do Brasil na competi\u00e7\u00e3o \u2013 tr\u00eas vit\u00f3rias seguidas &#8211; em Arnhem (Holanda), [&hellip;]<\/p>\n","protected":false},"author":246,"featured_media":204968,"comment_status":"closed","ping_status":"closed","sticky":false,"template":"","format":"standard","meta":{"footnotes":""},"categories":[436,257,439],"tags":[],"class_list":["post-204967","post","type-post","status-publish","format-standard","has-post-thumbnail","hentry","category-destaque-da-semana","category-esporte","category-ultima-hora"],"_links":{"self":[{"href":"https:\/\/diarioregionaldigital.com.br\/index.php?rest_route=\/wp\/v2\/posts\/204967","targetHints":{"allow":["GET"]}}],"collection":[{"href":"https:\/\/diarioregionaldigital.com.br\/index.php?rest_route=\/wp\/v2\/posts"}],"about":[{"href":"https:\/\/diarioregionaldigital.com.br\/index.php?rest_route=\/wp\/v2\/types\/post"}],"author":[{"embeddable":true,"href":"https:\/\/diarioregionaldigital.com.br\/index.php?rest_route=\/wp\/v2\/users\/246"}],"replies":[{"embeddable":true,"href":"https:\/\/diarioregionaldigital.com.br\/index.php?rest_route=%2Fwp%2Fv2%2Fcomments&post=204967"}],"version-history":[{"count":1,"href":"https:\/\/diarioregionaldigital.com.br\/index.php?rest_route=\/wp\/v2\/posts\/204967\/revisions"}],"predecessor-version":[{"id":204969,"href":"https:\/\/diarioregionaldigital.com.br\/index.php?rest_route=\/wp\/v2\/posts\/204967\/revisions\/204969"}],"wp:featuredmedia":[{"embeddable":true,"href":"https:\/\/diarioregionaldigital.com.br\/index.php?rest_route=\/wp\/v2\/media\/204968"}],"wp:attachment":[{"href":"https:\/\/diarioregionaldigital.com.br\/index.php?rest_route=%2Fwp%2Fv2%2Fmedia&parent=204967"}],"wp:term":[{"taxonomy":"category","embeddable":true,"href":"https:\/\/diarioregionaldigital.com.br\/index.php?rest_route=%2Fwp%2Fv2%2Fcategories&post=204967"},{"taxonomy":"post_tag","embeddable":true,"href":"https:\/\/diarioregionaldigital.com.br\/index.php?rest_route=%2Fwp%2Fv2%2Ftags&post=204967"}],"curies":[{"name":"wp","href":"https:\/\/api.w.org\/{rel}","templated":true}]}}