{"id":204961,"date":"2022-09-30T19:36:14","date_gmt":"2022-09-30T22:36:14","guid":{"rendered":"https:\/\/diarioregionaldigital.com.br\/?p=204961"},"modified":"2022-09-30T19:36:14","modified_gmt":"2022-09-30T22:36:14","slug":"ministro-do-stf-determina-transporte-publico-em-nivel-normal-no-dia-2","status":"publish","type":"post","link":"https:\/\/diarioregionaldigital.com.br\/?p=204961","title":{"rendered":"Ministro do STF determina transporte p\u00fablico em n\u00edvel normal no dia 2"},"content":{"rendered":"<p>O ministro Lu\u00eds Roberto Barroso, do Supremo Tribunal Federal (STF), determinou na noite de ontem (29) que o transporte p\u00fablico seja mantido em n\u00edveis normais durante este domingo (2) no primeiro turno das elei\u00e7\u00f5es.<img decoding=\"async\" src=\"https:\/\/agenciabrasil.ebc.com.br\/ebc.png?id=1485255&amp;o=node\" \/><img decoding=\"async\" src=\"https:\/\/agenciabrasil.ebc.com.br\/ebc.gif?id=1485255&amp;o=node\" \/><\/p>\n<p>Na decis\u00e3o, Barroso diz que \u201c\u00e9 exig\u00edvel dos gestores de sistemas de transporte p\u00fablico de passageiros que mantenham o seu funcionamento em n\u00edveis normais, na quantidade e frequ\u00eancia necess\u00e1rias ao deslocamento dos eleitores de suas resid\u00eancias at\u00e9 as se\u00e7\u00f5es eleitorais\u201d.<\/p>\n<p>\u201cA eventual redu\u00e7\u00e3o na oferta normal do servi\u00e7o de transporte p\u00fablico, de forma deliberada ou n\u00e3o, importa em grave viola\u00e7\u00e3o aos direitos pol\u00edticos dos cidad\u00e3os\u201d, acrescentou o ministro.<\/p>\n<p>Ele atendeu, parcialmente, a um pedido de liminar (decis\u00e3o provis\u00f3ria) em uma a\u00e7\u00e3o de descumprimento de preceito fundamental (ADPF) pelo partido Rede.<\/p>\n<p>A legenda queria, na verdade, que o Supremo determinasse a gratuidade do transporte p\u00fablico no dia da vota\u00e7\u00e3o em todo o Brasil, a exemplo do que j\u00e1 ocorre em alguns munic\u00edpios de forma isolada, mas esse ponto n\u00e3o foi atendido por Barroso, relator da ADPF.<\/p>\n<p>O ministro considerou a medida \u201cuma boa ideia de pol\u00edtica p\u00fablica\u201d, mas pontuou que a gratuidade somente poderia ser institu\u00edda por meio de lei aprovada no Congresso e com previs\u00e3o or\u00e7ament\u00e1ria espec\u00edfica. Barroso afirmou que \u201cn\u00e3o \u00e9 poss\u00edvel imp\u00f4-la universalmente, sobretudo a poucos dias do pleito eleitoral\u201d.<\/p>\n<p>Para pedir a gratuidade universal, a Rede argumentou que o voto \u00e9 obrigat\u00f3rio no Brasil, mas que muitos eleitores n\u00e3o t\u00eam condi\u00e7\u00f5es de pagar a passagem at\u00e9 o local de vota\u00e7\u00e3o, que em muitos casos \u00e9 mais cara do que a multa pelo n\u00e3o comparecimento, cujo valor m\u00e1ximo \u00e9 de R$ 3,51.<\/p>\n<p>O ministro Barroso determinou, contudo, que munic\u00edpios que j\u00e1 ofereceram a gratuidade em pleitos anteriores mantenham a medida. Ele disse que \u201cn\u00e3o h\u00e1 raz\u00e3o para que os munic\u00edpios que, nas \u00faltimas elei\u00e7\u00f5es, j\u00e1 executavam alguma pol\u00edtica p\u00fablica de gratuidade no dia do pleito deixem de faz\u00ea-lo\u201d.<\/p>\n<p>O ministro mencionou o munic\u00edpio de Porto Alegre, que em termo de ajustamento de conduta com o Minist\u00e9rio P\u00fablico do Rio Grande do Sul se comprometeu a manter a gratuidade concedida nas elei\u00e7\u00f5es municipais de 2020.<\/p>\n<p>Barroso tamb\u00e9m elogiou a iniciativa do prefeito do Rio de Janeiro, Eduardo Paes, que ontem anunciou a gratuidade no transporte p\u00fablico do munic\u00edpio das 6h \u00e0s 20h no domingo, em que ocorre o primeiro turno das Elei\u00e7\u00f5es 2022.<\/p>\n<p><span style=\"font-weight: 400;\">Fonte: Ag\u00eancia Brasil <\/span><\/p>\n","protected":false},"excerpt":{"rendered":"<p>O ministro Lu\u00eds Roberto Barroso, do Supremo Tribunal Federal (STF), determinou na noite de ontem (29) que o transporte p\u00fablico seja mantido em n\u00edveis normais durante este domingo (2) no primeiro turno das elei\u00e7\u00f5es. Na decis\u00e3o, Barroso diz que \u201c\u00e9 exig\u00edvel dos gestores de sistemas de transporte p\u00fablico de passageiros que mantenham o seu funcionamento [&hellip;]<\/p>\n","protected":false},"author":246,"featured_media":204962,"comment_status":"closed","ping_status":"closed","sticky":false,"template":"","format":"standard","meta":{"footnotes":""},"categories":[436,254,439],"tags":[],"class_list":["post-204961","post","type-post","status-publish","format-standard","has-post-thumbnail","hentry","category-destaque-da-semana","category-politica","category-ultima-hora"],"_links":{"self":[{"href":"https:\/\/diarioregionaldigital.com.br\/index.php?rest_route=\/wp\/v2\/posts\/204961","targetHints":{"allow":["GET"]}}],"collection":[{"href":"https:\/\/diarioregionaldigital.com.br\/index.php?rest_route=\/wp\/v2\/posts"}],"about":[{"href":"https:\/\/diarioregionaldigital.com.br\/index.php?rest_route=\/wp\/v2\/types\/post"}],"author":[{"embeddable":true,"href":"https:\/\/diarioregionaldigital.com.br\/index.php?rest_route=\/wp\/v2\/users\/246"}],"replies":[{"embeddable":true,"href":"https:\/\/diarioregionaldigital.com.br\/index.php?rest_route=%2Fwp%2Fv2%2Fcomments&post=204961"}],"version-history":[{"count":1,"href":"https:\/\/diarioregionaldigital.com.br\/index.php?rest_route=\/wp\/v2\/posts\/204961\/revisions"}],"predecessor-version":[{"id":204963,"href":"https:\/\/diarioregionaldigital.com.br\/index.php?rest_route=\/wp\/v2\/posts\/204961\/revisions\/204963"}],"wp:featuredmedia":[{"embeddable":true,"href":"https:\/\/diarioregionaldigital.com.br\/index.php?rest_route=\/wp\/v2\/media\/204962"}],"wp:attachment":[{"href":"https:\/\/diarioregionaldigital.com.br\/index.php?rest_route=%2Fwp%2Fv2%2Fmedia&parent=204961"}],"wp:term":[{"taxonomy":"category","embeddable":true,"href":"https:\/\/diarioregionaldigital.com.br\/index.php?rest_route=%2Fwp%2Fv2%2Fcategories&post=204961"},{"taxonomy":"post_tag","embeddable":true,"href":"https:\/\/diarioregionaldigital.com.br\/index.php?rest_route=%2Fwp%2Fv2%2Ftags&post=204961"}],"curies":[{"name":"wp","href":"https:\/\/api.w.org\/{rel}","templated":true}]}}