{"id":204958,"date":"2022-09-30T19:34:39","date_gmt":"2022-09-30T22:34:39","guid":{"rendered":"https:\/\/diarioregionaldigital.com.br\/?p=204958"},"modified":"2022-09-30T19:34:39","modified_gmt":"2022-09-30T22:34:39","slug":"diante-de-estrangeiros-ministros-do-tse-defendem-democracia","status":"publish","type":"post","link":"https:\/\/diarioregionaldigital.com.br\/?p=204958","title":{"rendered":"Diante de estrangeiros, ministros do TSE defendem democracia"},"content":{"rendered":"<p>O vice-presidente do Tribunal Superior Eleitoral (TSE), ministro Ricardo Lewandowski, e a ministra C\u00e1rmen L\u00facia, que \u00e9 membra efetiva da Corte Eleitoral, defenderam hoje (30) a democracia e processo de vota\u00e7\u00e3o eletr\u00f4nico no Brasil.<img decoding=\"async\" src=\"https:\/\/agenciabrasil.ebc.com.br\/ebc.png?id=1485313&amp;o=node\" \/><img decoding=\"async\" src=\"https:\/\/agenciabrasil.ebc.com.br\/ebc.gif?id=1485313&amp;o=node\" \/><\/p>\n<p>Os dois participaram na manh\u00e3 desta sexta-feira (30), em Bras\u00edlia, do segundo dia de um semin\u00e1rio voltado a observadores internacionais das Elei\u00e7\u00f5es 2022. O evento come\u00e7ou ontem (29), quando os estrangeiros foram recebidos pelos presidentes do TSE, Alexandre de Moraes, do Supremo Tribunal Federal (STF), Rosa Weber, e do Congresso Nacional, Rodrigo Pacheco.<\/p>\n<p>Hoje, Lewandowski participou de uma mesa sobre o sistema eletr\u00f4nico de vota\u00e7\u00e3o e discursou sobre o tema &#8220;as urnas eletr\u00f4nicas como instrumento da express\u00e3o da soberania popular&#8221;.<\/p>\n<p>O ministro fez um apanhado hist\u00f3rico sobre a urna eletr\u00f4nica, frisando que o equipamento \u00e9 seguro e audit\u00e1vel, al\u00e9m de ser simples, o que favorece a acessibilidade do voto, que pode ser desempenhado \u00a0pelos eleitores, dos mais aos menos instru\u00eddos, incluindo os analfabetos.<\/p>\n<h2>Simplicidade<\/h2>\n<p>Lewandowski destacou a \u201cfacilidade para votar, extrema simplicidade na express\u00e3o do voto\u201d. Ele acrescentou que outra vantagem \u00e9 a rapidez com que se sabe o resultado da vota\u00e7\u00e3o. \u201cIsso pacifica o pa\u00eds\u201d, garantiu.<\/p>\n<p>\u201cNunca se teve nenhuma d\u00favida quanto a autenticidade, seguran\u00e7a e certeza quanto aquilo que \u00e9 proclamado oficialmente pelo Tribunal Superior Eleitoral (TSE)\u201d, afirmou Lewandowski.<\/p>\n<p>A ministra C\u00e1rmen L\u00facia discursou em seguida sobre o tema \u201cdesafios da democracia no mundo e na Am\u00e9rica Latina\u201d. Ela afirmou que, mais que mera idealiza\u00e7\u00e3o, esse \u00e9 um regime pol\u00edtico que se vive diariamente.<\/p>\n<p>\u201cQuando falamos que a democracia \u00e9 necess\u00e1ria n\u00e3o se trata de narrativa e nem de discurso, estamos falando de que escolha temos na vida para viver\u201d, disse ela. \u201cQualquer comprometimento ou tentativa de botar abaixo as constru\u00e7\u00f5es democr\u00e1ticas na sociedade e no estado s\u00e3o graves\u201d, acrescentou a ministra do TSE.<\/p>\n<p><span style=\"font-weight: 400;\">Fonte: Ag\u00eancia Brasil <\/span><\/p>\n","protected":false},"excerpt":{"rendered":"<p>O vice-presidente do Tribunal Superior Eleitoral (TSE), ministro Ricardo Lewandowski, e a ministra C\u00e1rmen L\u00facia, que \u00e9 membra efetiva da Corte Eleitoral, defenderam hoje (30) a democracia e processo de vota\u00e7\u00e3o eletr\u00f4nico no Brasil. Os dois participaram na manh\u00e3 desta sexta-feira (30), em Bras\u00edlia, do segundo dia de um semin\u00e1rio voltado a observadores internacionais das [&hellip;]<\/p>\n","protected":false},"author":246,"featured_media":204959,"comment_status":"closed","ping_status":"closed","sticky":false,"template":"","format":"standard","meta":{"footnotes":""},"categories":[436,254,439],"tags":[],"class_list":["post-204958","post","type-post","status-publish","format-standard","has-post-thumbnail","hentry","category-destaque-da-semana","category-politica","category-ultima-hora"],"_links":{"self":[{"href":"https:\/\/diarioregionaldigital.com.br\/index.php?rest_route=\/wp\/v2\/posts\/204958","targetHints":{"allow":["GET"]}}],"collection":[{"href":"https:\/\/diarioregionaldigital.com.br\/index.php?rest_route=\/wp\/v2\/posts"}],"about":[{"href":"https:\/\/diarioregionaldigital.com.br\/index.php?rest_route=\/wp\/v2\/types\/post"}],"author":[{"embeddable":true,"href":"https:\/\/diarioregionaldigital.com.br\/index.php?rest_route=\/wp\/v2\/users\/246"}],"replies":[{"embeddable":true,"href":"https:\/\/diarioregionaldigital.com.br\/index.php?rest_route=%2Fwp%2Fv2%2Fcomments&post=204958"}],"version-history":[{"count":1,"href":"https:\/\/diarioregionaldigital.com.br\/index.php?rest_route=\/wp\/v2\/posts\/204958\/revisions"}],"predecessor-version":[{"id":204960,"href":"https:\/\/diarioregionaldigital.com.br\/index.php?rest_route=\/wp\/v2\/posts\/204958\/revisions\/204960"}],"wp:featuredmedia":[{"embeddable":true,"href":"https:\/\/diarioregionaldigital.com.br\/index.php?rest_route=\/wp\/v2\/media\/204959"}],"wp:attachment":[{"href":"https:\/\/diarioregionaldigital.com.br\/index.php?rest_route=%2Fwp%2Fv2%2Fmedia&parent=204958"}],"wp:term":[{"taxonomy":"category","embeddable":true,"href":"https:\/\/diarioregionaldigital.com.br\/index.php?rest_route=%2Fwp%2Fv2%2Fcategories&post=204958"},{"taxonomy":"post_tag","embeddable":true,"href":"https:\/\/diarioregionaldigital.com.br\/index.php?rest_route=%2Fwp%2Fv2%2Ftags&post=204958"}],"curies":[{"name":"wp","href":"https:\/\/api.w.org\/{rel}","templated":true}]}}