{"id":204955,"date":"2022-09-30T19:31:34","date_gmt":"2022-09-30T22:31:34","guid":{"rendered":"https:\/\/diarioregionaldigital.com.br\/?p=204955"},"modified":"2022-09-30T19:31:34","modified_gmt":"2022-09-30T22:31:34","slug":"operador-do-sistema-eletrico-tem-plano-preventivo-para-eleicoes","status":"publish","type":"post","link":"https:\/\/diarioregionaldigital.com.br\/?p=204955","title":{"rendered":"Operador do sistema el\u00e9trico tem plano preventivo para elei\u00e7\u00f5es"},"content":{"rendered":"<p>O Operador Nacional do Sistema El\u00e9trico (ONS) elaborou um plano preventivo visando a divulga\u00e7\u00e3o de informa\u00e7\u00f5es, caso haja alguma interrup\u00e7\u00e3o no suprimento de energia el\u00e9trica no Sistema Interligado Nacional (SIN) que venha a afetar as se\u00e7\u00f5es eleitorais no dia de vota\u00e7\u00e3o, domingo pr\u00f3ximo (2).<img decoding=\"async\" src=\"https:\/\/agenciabrasil.ebc.com.br\/ebc.png?id=1485370&amp;o=node\" \/><img decoding=\"async\" src=\"https:\/\/agenciabrasil.ebc.com.br\/ebc.gif?id=1485370&amp;o=node\" \/><\/p>\n<p>Al\u00e9m de definir atribui\u00e7\u00f5es para diversos \u00f3rg\u00e3os e agentes do sistema, o plano prev\u00ea garantias de fluxo de comunica\u00e7\u00e3o institucional entre ONS, Minist\u00e9rio de Minas e Energia (MME) e Ag\u00eancia Nacional de Energia El\u00e9trica (Aneel), bem como transmissoras, distribuidoras e Tribunais Regionais Eleitorais (TREs) e Tribunal Superior Eleitoral\u00a0 (TSE).<\/p>\n<p>\u201cO plano est\u00e1 concentrado em duas datas: dia 2 de outubro, quando ser\u00e1 realizado o 1\u00ba turno da vota\u00e7\u00e3o, e 30 de outubro, data do 2\u00ba turno para as localidades onde houver a continuidade da vota\u00e7\u00e3o\u201d, informou o ONS.<\/p>\n<h2>Monitoramento<\/h2>\n<p>A Aneel explicou que o plano foi aprovado pelo Comit\u00ea de Monitoramento do Setor El\u00e9trico (CMSE), de forma a chancelar as \u201ca\u00e7\u00f5es de responsabilidade de todos os agentes do setor el\u00e9trico\u201d, para \u201cconferir grau adicional de seguran\u00e7a na opera\u00e7\u00e3o do sistema el\u00e9trico\u201d durante as elei\u00e7\u00f5es.<\/p>\n<p>\u201cA fiscaliza\u00e7\u00e3o da Aneel determinou, por meio de of\u00edcios aos agentes de gera\u00e7\u00e3o e de transmiss\u00e3o, provid\u00eancias no sentido de refor\u00e7ar a seguran\u00e7a dos sistemas el\u00e9tricos no per\u00edodo das elei\u00e7\u00f5es, bem como a disponibiliza\u00e7\u00e3o de equipes para retorno o mais r\u00e1pido poss\u00edvel em caso de eventos que venham a afetar o atendimento durante o per\u00edodo em quest\u00e3o\u201d, informou a Aneel.<\/p>\n<p>Procurado pela<strong>\u00a0Ag\u00eancia Brasil<\/strong>, o Minist\u00e9rio de Minas e Energia disse ter formalizado tanto \u00e0s distribuidoras como ao ONS a necessidade de medidas preventivas para o fornecimento de energia durante as elei\u00e7\u00f5es.<\/p>\n<p>\u201cA coordena\u00e7\u00e3o do processo fica a cargo do ONS, no \u00e2mbito do Sistema Interligado Nacional, e das distribuidoras, no caso dos atendimentos localizados\u201d, detalhou ao informar que as medidas adotadas seguem padr\u00e3o do setor e s\u00e3o feitas periodicamente \u201cquando h\u00e1 eventos de grande relev\u00e2ncia\u201d.<\/p>\n<p><span style=\"font-weight: 400;\">Fonte: Ag\u00eancia Brasil <\/span><\/p>\n","protected":false},"excerpt":{"rendered":"<p>O Operador Nacional do Sistema El\u00e9trico (ONS) elaborou um plano preventivo visando a divulga\u00e7\u00e3o de informa\u00e7\u00f5es, caso haja alguma interrup\u00e7\u00e3o no suprimento de energia el\u00e9trica no Sistema Interligado Nacional (SIN) que venha a afetar as se\u00e7\u00f5es eleitorais no dia de vota\u00e7\u00e3o, domingo pr\u00f3ximo (2). Al\u00e9m de definir atribui\u00e7\u00f5es para diversos \u00f3rg\u00e3os e agentes do sistema, [&hellip;]<\/p>\n","protected":false},"author":246,"featured_media":204956,"comment_status":"closed","ping_status":"closed","sticky":false,"template":"","format":"standard","meta":{"footnotes":""},"categories":[436,254,439],"tags":[],"class_list":["post-204955","post","type-post","status-publish","format-standard","has-post-thumbnail","hentry","category-destaque-da-semana","category-politica","category-ultima-hora"],"_links":{"self":[{"href":"https:\/\/diarioregionaldigital.com.br\/index.php?rest_route=\/wp\/v2\/posts\/204955","targetHints":{"allow":["GET"]}}],"collection":[{"href":"https:\/\/diarioregionaldigital.com.br\/index.php?rest_route=\/wp\/v2\/posts"}],"about":[{"href":"https:\/\/diarioregionaldigital.com.br\/index.php?rest_route=\/wp\/v2\/types\/post"}],"author":[{"embeddable":true,"href":"https:\/\/diarioregionaldigital.com.br\/index.php?rest_route=\/wp\/v2\/users\/246"}],"replies":[{"embeddable":true,"href":"https:\/\/diarioregionaldigital.com.br\/index.php?rest_route=%2Fwp%2Fv2%2Fcomments&post=204955"}],"version-history":[{"count":1,"href":"https:\/\/diarioregionaldigital.com.br\/index.php?rest_route=\/wp\/v2\/posts\/204955\/revisions"}],"predecessor-version":[{"id":204957,"href":"https:\/\/diarioregionaldigital.com.br\/index.php?rest_route=\/wp\/v2\/posts\/204955\/revisions\/204957"}],"wp:featuredmedia":[{"embeddable":true,"href":"https:\/\/diarioregionaldigital.com.br\/index.php?rest_route=\/wp\/v2\/media\/204956"}],"wp:attachment":[{"href":"https:\/\/diarioregionaldigital.com.br\/index.php?rest_route=%2Fwp%2Fv2%2Fmedia&parent=204955"}],"wp:term":[{"taxonomy":"category","embeddable":true,"href":"https:\/\/diarioregionaldigital.com.br\/index.php?rest_route=%2Fwp%2Fv2%2Fcategories&post=204955"},{"taxonomy":"post_tag","embeddable":true,"href":"https:\/\/diarioregionaldigital.com.br\/index.php?rest_route=%2Fwp%2Fv2%2Ftags&post=204955"}],"curies":[{"name":"wp","href":"https:\/\/api.w.org\/{rel}","templated":true}]}}