{"id":204951,"date":"2022-09-30T19:29:45","date_gmt":"2022-09-30T22:29:45","guid":{"rendered":"https:\/\/diarioregionaldigital.com.br\/?p=204951"},"modified":"2022-09-30T19:29:45","modified_gmt":"2022-09-30T22:29:45","slug":"presidente-do-senado-exalta-democracia-e-defende-urna-eletronica","status":"publish","type":"post","link":"https:\/\/diarioregionaldigital.com.br\/?p=204951","title":{"rendered":"Presidente do Senado exalta democracia e defende urna eletr\u00f4nica"},"content":{"rendered":"<p>O presidente do Senado, Rodrigo Pacheco, recebeu hoje (30), no Congresso Nacional, uma delega\u00e7\u00e3o estrangeira do Programa de Convidados Internacionais para as Elei\u00e7\u00f5es Gerais de 2022.<img decoding=\"async\" src=\"https:\/\/agenciabrasil.ebc.com.br\/ebc.png?id=1485392&amp;o=node\" \/><img decoding=\"async\" src=\"https:\/\/agenciabrasil.ebc.com.br\/ebc.gif?id=1485392&amp;o=node\" \/><\/p>\n<p>A comitiva conta com autoridades eleitorais, representantes de organismos internacionais e profissionais da imprensa estrangeira. Os seus 87 participantes de 26 pa\u00edses foram recebidos em uma solenidade no plen\u00e1rio do Senado. Em seu discurso, Pacheco destacou o compromisso do pa\u00eds com a democracia e defendeu as urnas eletr\u00f4nicas brasileiras.<\/p>\n<p>Na sess\u00e3o solene, Pacheco explicou os pilares democr\u00e1ticos do pa\u00eds, erguidos na Constitui\u00e7\u00e3o de 1988, representados pelo voto direto, secreto, universal e peri\u00f3dico; a separa\u00e7\u00e3o dos Poderes; e os direitos e garantias individuais.<\/p>\n<p>\u201cA democracia, portanto, \u00e9 o compromisso inexpugn\u00e1vel do nosso sistema. Dentro dos limites l\u00f3gicos desse regime, as institui\u00e7\u00f5es brasileiras t\u00eam trabalhado para aperfei\u00e7o\u00e1-lo ainda mais, e a sociedade, a cada ano, refor\u00e7a sua ades\u00e3o a ele\u201d, disse.<\/p>\n<h2>Velocidade na apura\u00e7\u00e3o<\/h2>\n<p>Em seguida, ele falou da urna eletr\u00f4nica em tom elogioso e orgulhoso. O equipamento \u00e9 usado no pa\u00eds desde 1996 e revolucionou a forma de apurar e a velocidade na apura\u00e7\u00e3o dos votos no pa\u00eds. \u201c[A urna eletr\u00f4nica] viabilizou uma apura\u00e7\u00e3o rigorosa, transparente e r\u00e1pida, essencial para que as elei\u00e7\u00f5es tenham resultados incontestes. A urna eletr\u00f4nica, junto a outros mecanismos desenvolvidos pela Justi\u00e7a Eleitoral, constitui um pilar da democracia brasileira. E repito: \u00e9 motivo de grande orgulho nacional\u201d, acentuou.<\/p>\n<p>O presidente do Congresso dedicou, ainda, parte de seu discurso para falar da atua\u00e7\u00e3o do Senado em 2022. Citou, dentre outros, a aprova\u00e7\u00e3o de projetos de combate \u00e0 covid-19, a pauta ambiental e a cria\u00e7\u00e3o de uma comiss\u00e3o para acompanhar as\u00a0<a href=\"http:\/\/agenciabrasil.ebc.com.br\/justica\/noticia\/2022-08\/senadores-divulgam-relatorio-sobre-mortes-de-indigenista-e-jornalista\" target=\"_blank\" rel=\"noopener\">investiga\u00e7\u00f5es do assassinato\u00a0<\/a>do indigenista Bruno Ara\u00fajo Pereira e do jornalista brit\u00e2nico Dom Phillips.<\/p>\n<p>Ao final da solenidade, o grupo de convidados internacionais fez uma visita guiada pelo Congresso Nacional. O grupo, que veio ao Brasil a convite do Tribunal Superior Eleitoral (TSE), tamb\u00e9m participou de um ciclo de palestras promovidos pela Corte.<\/p>\n<p>Entre as autoridades e personalidades convidadas, figuram integrantes do Instituto Internacional para Democracia e Assist\u00eancia Eleitoral (Idea Internacional). S\u00e3o eles: a ex-presidente da Costa Rica, Laura Chinchilla; a ex-vice-presidente da Col\u00f4mbia, Marta Luc\u00eda Ram\u00edrez; a senadora uruguaia M\u00f3nica Xavier; o secret\u00e1rio-geral Kevin Casas-Zamora; e o diretor regional para Am\u00e9rica Latina, Daniel Zovatto. Tamb\u00e9m est\u00e3o no Brasil convidados de Portugal, da R\u00fassia, da Fran\u00e7a e da Espanha.<\/p>\n<p><span style=\"font-weight: 400;\">Fonte: Ag\u00eancia Brasil <\/span><\/p>\n","protected":false},"excerpt":{"rendered":"<p>O presidente do Senado, Rodrigo Pacheco, recebeu hoje (30), no Congresso Nacional, uma delega\u00e7\u00e3o estrangeira do Programa de Convidados Internacionais para as Elei\u00e7\u00f5es Gerais de 2022. A comitiva conta com autoridades eleitorais, representantes de organismos internacionais e profissionais da imprensa estrangeira. Os seus 87 participantes de 26 pa\u00edses foram recebidos em uma solenidade no plen\u00e1rio [&hellip;]<\/p>\n","protected":false},"author":246,"featured_media":204952,"comment_status":"closed","ping_status":"closed","sticky":false,"template":"","format":"standard","meta":{"footnotes":""},"categories":[436,440,254,439],"tags":[],"class_list":["post-204951","post","type-post","status-publish","format-standard","has-post-thumbnail","hentry","category-destaque-da-semana","category-destaques-do-dia","category-politica","category-ultima-hora"],"_links":{"self":[{"href":"https:\/\/diarioregionaldigital.com.br\/index.php?rest_route=\/wp\/v2\/posts\/204951","targetHints":{"allow":["GET"]}}],"collection":[{"href":"https:\/\/diarioregionaldigital.com.br\/index.php?rest_route=\/wp\/v2\/posts"}],"about":[{"href":"https:\/\/diarioregionaldigital.com.br\/index.php?rest_route=\/wp\/v2\/types\/post"}],"author":[{"embeddable":true,"href":"https:\/\/diarioregionaldigital.com.br\/index.php?rest_route=\/wp\/v2\/users\/246"}],"replies":[{"embeddable":true,"href":"https:\/\/diarioregionaldigital.com.br\/index.php?rest_route=%2Fwp%2Fv2%2Fcomments&post=204951"}],"version-history":[{"count":2,"href":"https:\/\/diarioregionaldigital.com.br\/index.php?rest_route=\/wp\/v2\/posts\/204951\/revisions"}],"predecessor-version":[{"id":204954,"href":"https:\/\/diarioregionaldigital.com.br\/index.php?rest_route=\/wp\/v2\/posts\/204951\/revisions\/204954"}],"wp:featuredmedia":[{"embeddable":true,"href":"https:\/\/diarioregionaldigital.com.br\/index.php?rest_route=\/wp\/v2\/media\/204952"}],"wp:attachment":[{"href":"https:\/\/diarioregionaldigital.com.br\/index.php?rest_route=%2Fwp%2Fv2%2Fmedia&parent=204951"}],"wp:term":[{"taxonomy":"category","embeddable":true,"href":"https:\/\/diarioregionaldigital.com.br\/index.php?rest_route=%2Fwp%2Fv2%2Fcategories&post=204951"},{"taxonomy":"post_tag","embeddable":true,"href":"https:\/\/diarioregionaldigital.com.br\/index.php?rest_route=%2Fwp%2Fv2%2Ftags&post=204951"}],"curies":[{"name":"wp","href":"https:\/\/api.w.org\/{rel}","templated":true}]}}