{"id":204948,"date":"2022-09-30T19:04:35","date_gmt":"2022-09-30T22:04:35","guid":{"rendered":"https:\/\/diarioregionaldigital.com.br\/?p=204948"},"modified":"2022-09-30T19:04:35","modified_gmt":"2022-09-30T22:04:35","slug":"leilao-de-termeletricas-contrata-menos-da-metade-do-previsto","status":"publish","type":"post","link":"https:\/\/diarioregionaldigital.com.br\/?p=204948","title":{"rendered":"Leil\u00e3o de termel\u00e9tricas contrata menos da metade do previsto"},"content":{"rendered":"<p>A Ag\u00eancia Nacional de Energia El\u00e9trica (Aneel) contratou 729,2 megawatts (MW) no leil\u00e3o para fornecimento de energia para a Regi\u00e3o Norte, realizado na manh\u00e3 de hoje (30). O fornecimento, previsto para come\u00e7ar em dezembro de 2026, ficou abaixo do objetivo do certame que era de disponibilizar 1 mil megawatts para a regi\u00e3o por 15 anos.<img decoding=\"async\" src=\"https:\/\/agenciabrasil.ebc.com.br\/ebc.png?id=1485294&amp;o=node\" \/><img decoding=\"async\" src=\"https:\/\/agenciabrasil.ebc.com.br\/ebc.gif?id=1485294&amp;o=node\" \/><\/p>\n<p>Ficaram sem ofertas a contrata\u00e7\u00e3o de 300 MW para o Maranh\u00e3o e 700 MW para o Piau\u00ed, que tamb\u00e9m foram apresentadas no leil\u00e3o. No total, a previs\u00e3o era de contrata\u00e7\u00e3o de 2 mil MW, sendo que 1,3 mil MW ficaram sem oferta.<\/p>\n<p>O fornecimento para a Regi\u00e3o Norte ser\u00e1 feito por tr\u00eas usinas termel\u00e9tricas movidas a g\u00e1s natural, que ofereceram eletricidade pelo pre\u00e7o m\u00e1ximo estipulado para o leil\u00e3o de R$ 444,00 por megawatt-hora.<\/p>\n<p>A empresa Sparta, do Grupo Eneva, prev\u00ea investir quase R$ 1,7 bilh\u00e3o em cada uma duas usinas a g\u00e1s que vai construir com pot\u00eancia de 295,4 MW. A Global Participa\u00e7\u00f5es em Energia deve investir R$ 783 milh\u00f5es para oferecer 160,8 MW de pot\u00eancia.<\/p>\n<p>O leil\u00e3o de hoje acontece a partir do estipulado na lei que viabilizou a privatiza\u00e7\u00e3o da Eletrobras. Pelo projeto aprovado no Congresso Nacional, ficou determinado que devem ser contratados 8 mil MW de usinas termel\u00e9tricas movidas a g\u00e1s natural.<\/p>\n<p>Apesar de n\u00e3o ter conseguido contratar a metade do previsto, o gerente executivo de leil\u00f5es da Aneel, Andr\u00e9 Patrus Pimenta, classificou o processo como \u201c\u00eaxito\u201d. \u201cN\u00e3o temos raz\u00e3o para entender que houve frustra\u00e7\u00e3o\u201d, disse ap\u00f3s a divulga\u00e7\u00e3o do resultado.<\/p>\n<p>Para ele, a falta de propostas mostrou desinteresse dos investidores em oferecer esse tipo de infraestrutura na regi\u00e3o. \u201cO mercado sinalizou ao leil\u00e3o que naquelas \u00e1reas n\u00e3o h\u00e1 interesse\u201d, observou.<\/p>\n<p>O secret\u00e1rio adjunto de Planejamento e Desenvolvimento Energ\u00e9tico do Minist\u00e9rio de Minas e Energia, Frederico Teles, disse que o governo far\u00e1 uma avalia\u00e7\u00e3o a partir dos marcos jur\u00eddicos que estipularam a contrata\u00e7\u00e3o das termel\u00e9tricas antes de decidir o que ser\u00e1 feito a partir de agora, uma vez que n\u00e3o houve a contrata\u00e7\u00e3o prevista. \u201cTecnicamente a gente entende que a gente fez tudo o que poderia fazer. Agora, vamos reavaliar juridicamente quais s\u00e3o os pr\u00f3ximos passos que t\u00eam que ser tomados&#8221;.<\/p>\n<p><span style=\"font-weight: 400;\">Fonte: Ag\u00eancia Brasil <\/span><\/p>\n","protected":false},"excerpt":{"rendered":"<p>A Ag\u00eancia Nacional de Energia El\u00e9trica (Aneel) contratou 729,2 megawatts (MW) no leil\u00e3o para fornecimento de energia para a Regi\u00e3o Norte, realizado na manh\u00e3 de hoje (30). O fornecimento, previsto para come\u00e7ar em dezembro de 2026, ficou abaixo do objetivo do certame que era de disponibilizar 1 mil megawatts para a regi\u00e3o por 15 anos. [&hellip;]<\/p>\n","protected":false},"author":246,"featured_media":204949,"comment_status":"closed","ping_status":"closed","sticky":false,"template":"","format":"standard","meta":{"footnotes":""},"categories":[436,261,439],"tags":[],"class_list":["post-204948","post","type-post","status-publish","format-standard","has-post-thumbnail","hentry","category-destaque-da-semana","category-economia","category-ultima-hora"],"_links":{"self":[{"href":"https:\/\/diarioregionaldigital.com.br\/index.php?rest_route=\/wp\/v2\/posts\/204948","targetHints":{"allow":["GET"]}}],"collection":[{"href":"https:\/\/diarioregionaldigital.com.br\/index.php?rest_route=\/wp\/v2\/posts"}],"about":[{"href":"https:\/\/diarioregionaldigital.com.br\/index.php?rest_route=\/wp\/v2\/types\/post"}],"author":[{"embeddable":true,"href":"https:\/\/diarioregionaldigital.com.br\/index.php?rest_route=\/wp\/v2\/users\/246"}],"replies":[{"embeddable":true,"href":"https:\/\/diarioregionaldigital.com.br\/index.php?rest_route=%2Fwp%2Fv2%2Fcomments&post=204948"}],"version-history":[{"count":1,"href":"https:\/\/diarioregionaldigital.com.br\/index.php?rest_route=\/wp\/v2\/posts\/204948\/revisions"}],"predecessor-version":[{"id":204950,"href":"https:\/\/diarioregionaldigital.com.br\/index.php?rest_route=\/wp\/v2\/posts\/204948\/revisions\/204950"}],"wp:featuredmedia":[{"embeddable":true,"href":"https:\/\/diarioregionaldigital.com.br\/index.php?rest_route=\/wp\/v2\/media\/204949"}],"wp:attachment":[{"href":"https:\/\/diarioregionaldigital.com.br\/index.php?rest_route=%2Fwp%2Fv2%2Fmedia&parent=204948"}],"wp:term":[{"taxonomy":"category","embeddable":true,"href":"https:\/\/diarioregionaldigital.com.br\/index.php?rest_route=%2Fwp%2Fv2%2Fcategories&post=204948"},{"taxonomy":"post_tag","embeddable":true,"href":"https:\/\/diarioregionaldigital.com.br\/index.php?rest_route=%2Fwp%2Fv2%2Ftags&post=204948"}],"curies":[{"name":"wp","href":"https:\/\/api.w.org\/{rel}","templated":true}]}}