{"id":204938,"date":"2022-09-30T18:59:31","date_gmt":"2022-09-30T21:59:31","guid":{"rendered":"https:\/\/diarioregionaldigital.com.br\/?p=204938"},"modified":"2022-09-30T18:59:31","modified_gmt":"2022-09-30T21:59:31","slug":"auxilio-brasil-bancos-nao-podem-cobrar-taxas-diz-ministro","status":"publish","type":"post","link":"https:\/\/diarioregionaldigital.com.br\/?p=204938","title":{"rendered":"Aux\u00edlio Brasil: bancos n\u00e3o podem cobrar taxas, diz ministro"},"content":{"rendered":"<p>O ministro da Cidadania, Ronaldo Vieira Bento, disse hoje (30), em Bras\u00edlia, que as institui\u00e7\u00f5es financeiras n\u00e3o podem cobrar nenhum tipo de taxa, seja administrativa ou de abertura de cr\u00e9dito, para fam\u00edlias que aderirem ao cr\u00e9dito consignado do Aux\u00edlio Brasil. Em entrevista ao programa Rep\u00f3rter Brasil, da TV Brasil, ele destacou ainda que o teto de juros a serem praticados \u00e9 de 3,5% ao m\u00eas.<img decoding=\"async\" src=\"https:\/\/agenciabrasil.ebc.com.br\/ebc.png?id=1485334&amp;o=node\" \/><img decoding=\"async\" src=\"https:\/\/agenciabrasil.ebc.com.br\/ebc.gif?id=1485334&amp;o=node\" \/><\/p>\n<p>\u201cO empr\u00e9stimo consignado veio para assessorar as fam\u00edlias nesse momento de recupera\u00e7\u00e3o social que o pa\u00eds passa [no] p\u00f3s-pandemia. Principalmente, para a troca de uma d\u00edvida muitas vezes cara por uma d\u00edvida com juros mais baratos. Essas fam\u00edlias, que se encontram endividadas, \u00e0s vezes pagando taxa de juros em cart\u00e3o de cr\u00e9dito da ordem de at\u00e9 20% ao m\u00eas, agora v\u00e3o poder trocar essa d\u00edvida cara por uma d\u00edvida barata\u201d, explicou.<\/p>\n<h2>Empr\u00e9stimo consignado<\/h2>\n<p>Outra possibilidade, segundo o ministro, \u00e9 que as fam\u00edlias que recebem o Aux\u00edlio Brasil e que optarem pelo empr\u00e9stimo consignado utilizem o recurso para empreender, j\u00e1 que o programa agora permite que benefici\u00e1rios constituam, por exemplo, microempresa individual sem perder o benef\u00edcio.<\/p>\n<p>\u201cA fam\u00edlia consegue, com esse novo benef\u00edcio do consignado, comprar um equipamento para continuar a sua produ\u00e7\u00e3o. Muitos profissionais aut\u00f4nomos que, durante a pandemia, tiveram a sua renda prejudicada, muitas vezes chegando a zero e impedidas de ganhar o seu sustento, agora, com essa ferramenta do empr\u00e9stimo consignado, v\u00e3o conseguir retomar a sua atividade de trabalho\u201d, argumentou.<\/p>\n<p><span style=\"font-weight: 400;\">Fonte: Ag\u00eancia Brasil <\/span><\/p>\n","protected":false},"excerpt":{"rendered":"<p>O ministro da Cidadania, Ronaldo Vieira Bento, disse hoje (30), em Bras\u00edlia, que as institui\u00e7\u00f5es financeiras n\u00e3o podem cobrar nenhum tipo de taxa, seja administrativa ou de abertura de cr\u00e9dito, para fam\u00edlias que aderirem ao cr\u00e9dito consignado do Aux\u00edlio Brasil. Em entrevista ao programa Rep\u00f3rter Brasil, da TV Brasil, ele destacou ainda que o teto [&hellip;]<\/p>\n","protected":false},"author":246,"featured_media":204939,"comment_status":"closed","ping_status":"closed","sticky":false,"template":"","format":"standard","meta":{"footnotes":""},"categories":[436,440,261,439],"tags":[],"class_list":["post-204938","post","type-post","status-publish","format-standard","has-post-thumbnail","hentry","category-destaque-da-semana","category-destaques-do-dia","category-economia","category-ultima-hora"],"_links":{"self":[{"href":"https:\/\/diarioregionaldigital.com.br\/index.php?rest_route=\/wp\/v2\/posts\/204938","targetHints":{"allow":["GET"]}}],"collection":[{"href":"https:\/\/diarioregionaldigital.com.br\/index.php?rest_route=\/wp\/v2\/posts"}],"about":[{"href":"https:\/\/diarioregionaldigital.com.br\/index.php?rest_route=\/wp\/v2\/types\/post"}],"author":[{"embeddable":true,"href":"https:\/\/diarioregionaldigital.com.br\/index.php?rest_route=\/wp\/v2\/users\/246"}],"replies":[{"embeddable":true,"href":"https:\/\/diarioregionaldigital.com.br\/index.php?rest_route=%2Fwp%2Fv2%2Fcomments&post=204938"}],"version-history":[{"count":1,"href":"https:\/\/diarioregionaldigital.com.br\/index.php?rest_route=\/wp\/v2\/posts\/204938\/revisions"}],"predecessor-version":[{"id":204940,"href":"https:\/\/diarioregionaldigital.com.br\/index.php?rest_route=\/wp\/v2\/posts\/204938\/revisions\/204940"}],"wp:featuredmedia":[{"embeddable":true,"href":"https:\/\/diarioregionaldigital.com.br\/index.php?rest_route=\/wp\/v2\/media\/204939"}],"wp:attachment":[{"href":"https:\/\/diarioregionaldigital.com.br\/index.php?rest_route=%2Fwp%2Fv2%2Fmedia&parent=204938"}],"wp:term":[{"taxonomy":"category","embeddable":true,"href":"https:\/\/diarioregionaldigital.com.br\/index.php?rest_route=%2Fwp%2Fv2%2Fcategories&post=204938"},{"taxonomy":"post_tag","embeddable":true,"href":"https:\/\/diarioregionaldigital.com.br\/index.php?rest_route=%2Fwp%2Fv2%2Ftags&post=204938"}],"curies":[{"name":"wp","href":"https:\/\/api.w.org\/{rel}","templated":true}]}}