{"id":204929,"date":"2022-09-29T21:27:08","date_gmt":"2022-09-30T00:27:08","guid":{"rendered":"https:\/\/diarioregionaldigital.com.br\/?p=204929"},"modified":"2022-09-29T21:27:08","modified_gmt":"2022-09-30T00:27:08","slug":"programa-boniteza-realiza-129-intervencoes-nesta-quinta-29","status":"publish","type":"post","link":"https:\/\/diarioregionaldigital.com.br\/?p=204929","title":{"rendered":"Programa Boniteza realiza 129 interven\u00e7\u00f5es nesta quinta, 29"},"content":{"rendered":"<p>Segundo informa\u00e7\u00f5es do site da Prefeitura de Juiz de Fora (PJF), o Programa Boniteza da Prefeitura de Juiz de Fora (PJF) opera em 129 interven\u00e7\u00f5es nesta quinta-feira, 29.<\/p>\n<p>&nbsp;<\/p>\n<p><strong>Obras<\/strong><\/p>\n<p>&nbsp;<\/p>\n<p>Os Departamentos de Opera\u00e7\u00e3o e Manuten\u00e7\u00e3o em Obras (Domo) e de Estradas Vicinais da Secretaria de Obras t\u00eam previstas 4 a\u00e7\u00f5es.<\/p>\n<p>&nbsp;<\/p>\n<p><strong>Interven\u00e7\u00f5es em continuidade:<\/strong><\/p>\n<p>&#8211; Modifica\u00e7\u00e3o de rede &#8211; Rua Am\u00e9rico lobo<\/p>\n<p>&#8211; Coloca\u00e7\u00e3o de grades de concreto &#8211; Avenida Get\u00falio Vargas &#8211; Centro<\/p>\n<p>&#8211; Desobstru\u00e7\u00e3o de caixa pluvial &#8211; Rua Filonila Carlota &#8211; Olavo Costa<\/p>\n<p>&nbsp;<\/p>\n<p><strong>Novas interven\u00e7\u00f5es:<\/strong><\/p>\n<p>&#8211; Limpeza das bocas de lobo &#8211; Nossa Senhora de Lourdes<\/p>\n<p>&nbsp;<\/p>\n<p><strong>Ilumina\u00e7\u00e3o P\u00fablica<\/strong><\/p>\n<p>&nbsp;<\/p>\n<p>O departamento de Ilumina\u00e7\u00e3o P\u00fablica da PJF d\u00e1 continuidade \u00e0s a\u00e7\u00f5es com a previs\u00e3o de trocas de 125 l\u00e2mpadas em todas as regi\u00f5es.<\/p>\n<p><strong>Santa Cec\u00edlia<\/strong><\/p>\n<p>Rua M\u00e1rio Pereira De Lima<\/p>\n<p>Rua \u00cdris Maestrini<\/p>\n<p>Rua Doutor Luiz Ant\u00f4nio Vieira Penna<\/p>\n<p>Rua Jose Narciso Netto<\/p>\n<p><strong>Centro<\/strong><\/p>\n<p>Rua Benjamin Guimar\u00e3es<\/p>\n<p>Rua S\u00e3o Sebasti\u00e3o<\/p>\n<p>Rua Francisco Valle<\/p>\n<p>Avenida Sete De Setembro<\/p>\n<p><strong>Jardim Gl\u00f3ria<\/strong><\/p>\n<p>Rua Ol\u00edmpio Reis<\/p>\n<p>Rua Capit\u00e3o Arnaldo De Carvalho<\/p>\n<p><strong>Santa Rita<\/strong><\/p>\n<p>Rua Urias Gon\u00e7alves De Oliveira<\/p>\n<p>Rua Ipiranga<\/p>\n<p><strong>Bairu<\/strong><\/p>\n<p>Rua Ribeiro De Abreu<\/p>\n<p>Rua Severino Belfort<\/p>\n<p><strong>Bonfim<\/strong><\/p>\n<p>Rua Joaquim Marques Coimbra<\/p>\n<p>Rua Otavio Pereira Torres<\/p>\n<p><strong>Granjas Bethania<\/strong><\/p>\n<p>Rua Avelino Jaco Da Silva<\/p>\n<p>Rua Nove De Julho<\/p>\n<p>Rua Salvador Rodrigues Canavio<\/p>\n<p>Rua Otac\u00edlio Esteves Da Silva<\/p>\n<p>Rua Da Colina<\/p>\n<p><strong>Filgueiras<\/strong><\/p>\n<p>Rua Diretora Josefina Mendes Sasso<\/p>\n<p>Rua Em\u00edlia Augusta Da Costa<\/p>\n<p><strong>Grama<\/strong><\/p>\n<p>Rua Arlindo Avila<\/p>\n<p>Rua Verissimo Lopes Guimaraes<\/p>\n<p><strong>Benfica<\/strong><\/p>\n<p>Rua Professora Helena Antipoff<\/p>\n<p><strong>Nossa Senhora De Lourdes<\/strong><\/p>\n<p>Rua Florentina Garcia<\/p>\n<p>Rua Carlos Campos Sobrinho<\/p>\n<p>Rua Alzira Garcia<\/p>\n<p>Rua Domingos Del Duca<\/p>\n<p>Rua Professor Luiz Viana<\/p>\n<p>Rua Jo\u00e3o Surerus Junior<\/p>\n<p>Rua Doutor Jos\u00e9 Rafael De Souza Antunes<\/p>\n<p><strong>Aracy<\/strong><\/p>\n<p>Rua Doutor Luiz Augusto Nagem Assad<\/p>\n<p>Rua Eurico De Mello<\/p>\n<p><strong>Santa Cruz<\/strong><\/p>\n<p>Rua Jos\u00e9 Alexandre Teixeira De Melo<\/p>\n<p>Avenida Doutor Sime\u00e3o De Faria<\/p>\n<p>Rua Altamiro Venancio Almeida<\/p>\n<p><strong>Bandeirantes<\/strong><\/p>\n<p>Rua Laurindo Nocelli<\/p>\n<p>Rua Sabino Francisco De Barros<\/p>\n<p>Rua Jos\u00e9 Lib\u00e2nio Rodrigues<\/p>\n<p><strong>Santa Helena<\/strong><\/p>\n<p>Avenida Luiz Perry<\/p>\n<p>Rua Tiradentes<\/p>\n<p><strong>Santa Catarina<\/strong><\/p>\n<p>Travessa Ant\u00f4nio Alves De Souza<\/p>\n<p>Rua Padre Frederico<\/p>\n<p><strong>Democrata<\/strong><\/p>\n<p>Rua Carangola<\/p>\n<p><strong>Paineiras<\/strong><\/p>\n<p>Rua Belo Horizonte<\/p>\n<p><strong>Dom Bosco<\/strong><\/p>\n<p>Rua Doutor Jos\u00e9 Claro Dia<\/p>\n<p><strong>Bom Pastor<\/strong><\/p>\n<p>Rua Ant\u00f4nio Augusto Teixeira<\/p>\n<p><strong>F\u00e1brica<\/strong><\/p>\n<p>Rua Bernardo Mascarenhas<\/p>\n<p><strong>S\u00e3o Mateus<\/strong><\/p>\n<p>Rua Ataliba De Barros<\/p>\n<p><strong>Mariano Proc\u00f3pio<\/strong><\/p>\n<p>Pra\u00e7a Mariano Proc\u00f3pio<\/p>\n<p><strong>Passos<\/strong><\/p>\n<p>Rua Bar\u00e3o De Aquino<\/p>\n<p><strong>Progresso<\/strong><\/p>\n<p>Rua Doutor Manoel Lage<\/p>\n<p><strong>Graja\u00fa<\/strong><\/p>\n<p>Rua Izabel Pierre Feital<\/p>\n<p>Rua Roque Picorelli<\/p>\n<p><strong>S\u00e3o Tarc\u00edsio<\/strong><\/p>\n<p>Rua Augusto Vicente Vieira<\/p>\n<p>Rua Vicente Vieira Mota<\/p>\n<p><strong>Manoel Hon\u00f3rio<\/strong><\/p>\n<p>Rua Dos Inconfidentes<\/p>\n<p><strong>Ladeira<\/strong><\/p>\n<p>Rua Maria Perp\u00e9tua<\/p>\n<p><strong>Jardim Do Sol<\/strong><\/p>\n<p>Rua Karl Freckman<\/p>\n<p><strong>Nossa Senhora Aparecida<\/strong><\/p>\n<p>Rua Ivan Tabet<\/p>\n<p>Rua Luiz Creozol<\/p>\n<p><strong>Costa Carvalho<\/strong><\/p>\n<p>Avenida Sete De Setembro<\/p>\n<p><strong>S\u00e3o Sebasti\u00e3o<\/strong><\/p>\n<p>Rua Moacir De Brito<\/p>\n<p><strong>Nossa Senhora Das Gra\u00e7as<\/strong><\/p>\n<p>Rua Jo\u00e3o Garcia Couri<\/p>\n<p><strong>Eldorado<\/strong><\/p>\n<p>Rua Jo\u00e3o Garcia Couri<\/p>\n<p><strong>Centen\u00e1rio<\/strong><\/p>\n<p>Rua Luiz De Andrade Silveira<\/p>\n<p><strong>Parque Guarani<\/strong><\/p>\n<p>Rua Doutor Jos\u00e9 Amaro Da Silva<\/p>\n<p><strong>Santa Terezinha<\/strong><\/p>\n<p>Rua Tupi<\/p>\n<p><strong>Verbo Divino<\/strong><\/p>\n<p>Rua A<\/p>\n<p>Rua Amadeu Timponi<\/p>\n<p><strong>Torreoes<\/strong><\/p>\n<p>Rua Principal<\/p>\n<p>Rua Vanda Mendes<\/p>\n<p><strong>Quintas Da Avenida<\/strong><\/p>\n<p>Estrada Mg353<\/p>\n<p><strong>Tiguera<\/strong><\/p>\n<p>Rua Regina Ladeira Halfeld<\/p>\n<p><strong>Vila Ideal<\/strong><\/p>\n<p>Rua Amadeu Guimar\u00e3es<\/p>\n<p>&nbsp;<\/p>\n<p><strong>Gabinete de A\u00e7\u00e3o e Di\u00e1logo Comunit\u00e1rio<\/strong><\/p>\n<p>As a\u00e7\u00f5es da Secretaria de Obras s\u00e3o realizadas atrav\u00e9s do Gabinete de A\u00e7\u00e3o e Di\u00e1logo Comunit\u00e1rio, que recebe demandas de melhorias urbanas pelo n\u00famero (32) 3690-7241, por liga\u00e7\u00e3o ou WhatsApp.<\/p>\n<p>No\u00a0<a href=\"https:\/\/www.pjf.mg.gov.br\/gabinetecomunitario\/\"><strong>site do gabinete<\/strong><\/a>, est\u00e3o dispon\u00edveis informa\u00e7\u00f5es atualizadas\u00a0 diariamente sobre os servi\u00e7os realizados pelas secretarias de Obras (SO); de Sustentabilidade em Meio Ambiente e Atividades Urbanas (Sesmaur); de Mobilidade Urbana (SMU); e pela\u00a0 Empresa Municipal de Pavimenta\u00e7\u00e3o e Urbaniza\u00e7\u00e3o (Empav); Departamento Municipal de Limpeza Urbana (Demlurb); e Companhia de Saneamento Municipal (Cesama).<\/p>\n","protected":false},"excerpt":{"rendered":"<p>Segundo informa\u00e7\u00f5es do site da Prefeitura de Juiz de Fora (PJF), o Programa Boniteza da Prefeitura de Juiz de Fora (PJF) opera em 129 interven\u00e7\u00f5es nesta quinta-feira, 29. &nbsp; Obras &nbsp; Os Departamentos de Opera\u00e7\u00e3o e Manuten\u00e7\u00e3o em Obras (Domo) e de Estradas Vicinais da Secretaria de Obras t\u00eam previstas 4 a\u00e7\u00f5es. &nbsp; Interven\u00e7\u00f5es em [&hellip;]<\/p>\n","protected":false},"author":246,"featured_media":204930,"comment_status":"closed","ping_status":"closed","sticky":false,"template":"","format":"standard","meta":{"footnotes":""},"categories":[253,436,439],"tags":[],"class_list":["post-204929","post","type-post","status-publish","format-standard","has-post-thumbnail","hentry","category-cidade","category-destaque-da-semana","category-ultima-hora"],"_links":{"self":[{"href":"https:\/\/diarioregionaldigital.com.br\/index.php?rest_route=\/wp\/v2\/posts\/204929","targetHints":{"allow":["GET"]}}],"collection":[{"href":"https:\/\/diarioregionaldigital.com.br\/index.php?rest_route=\/wp\/v2\/posts"}],"about":[{"href":"https:\/\/diarioregionaldigital.com.br\/index.php?rest_route=\/wp\/v2\/types\/post"}],"author":[{"embeddable":true,"href":"https:\/\/diarioregionaldigital.com.br\/index.php?rest_route=\/wp\/v2\/users\/246"}],"replies":[{"embeddable":true,"href":"https:\/\/diarioregionaldigital.com.br\/index.php?rest_route=%2Fwp%2Fv2%2Fcomments&post=204929"}],"version-history":[{"count":1,"href":"https:\/\/diarioregionaldigital.com.br\/index.php?rest_route=\/wp\/v2\/posts\/204929\/revisions"}],"predecessor-version":[{"id":204931,"href":"https:\/\/diarioregionaldigital.com.br\/index.php?rest_route=\/wp\/v2\/posts\/204929\/revisions\/204931"}],"wp:featuredmedia":[{"embeddable":true,"href":"https:\/\/diarioregionaldigital.com.br\/index.php?rest_route=\/wp\/v2\/media\/204930"}],"wp:attachment":[{"href":"https:\/\/diarioregionaldigital.com.br\/index.php?rest_route=%2Fwp%2Fv2%2Fmedia&parent=204929"}],"wp:term":[{"taxonomy":"category","embeddable":true,"href":"https:\/\/diarioregionaldigital.com.br\/index.php?rest_route=%2Fwp%2Fv2%2Fcategories&post=204929"},{"taxonomy":"post_tag","embeddable":true,"href":"https:\/\/diarioregionaldigital.com.br\/index.php?rest_route=%2Fwp%2Fv2%2Ftags&post=204929"}],"curies":[{"name":"wp","href":"https:\/\/api.w.org\/{rel}","templated":true}]}}