{"id":204920,"date":"2022-09-29T21:20:49","date_gmt":"2022-09-30T00:20:49","guid":{"rendered":"https:\/\/diarioregionaldigital.com.br\/?p=204920"},"modified":"2022-09-29T21:20:49","modified_gmt":"2022-09-30T00:20:49","slug":"parque-municipal-e-museu-mariano-procopio-nao-funcionam-neste-domingo-2-devido-as-eleicoes","status":"publish","type":"post","link":"https:\/\/diarioregionaldigital.com.br\/?p=204920","title":{"rendered":"Parque Municipal e Museu Mariano Proc\u00f3pio n\u00e3o funcionam neste domingo, 2, devido \u00e0s elei\u00e7\u00f5es"},"content":{"rendered":"<p>Segundo informa\u00e7\u00f5es do site da Prefeitura de Juiz de Fora (PJF), em fun\u00e7\u00e3o das elei\u00e7\u00f5es, realizadas neste domingo, 2 de outubro, o Parque Municipal e o Museu Mariano Proc\u00f3pio, bem como seu parque, n\u00e3o funcionar\u00e3o. O Parque Municipal retoma os funcionamentos na ter\u00e7a-feira, 5, a partir das 8h, mesmo dia em que o Museu e seu parque voltam a funcionar.<\/p>\n<p>O Parque da Lajinha ter\u00e1 funcionamento normal, das 8 \u00e0s 17h. A Feira Livre da Avenida Brasil tamb\u00e9m funciona normalmente no domingo, das 7h \u00e0s 13h. J\u00e1 a feira da Rua Manoel Bernardino, no S\u00e3o Mateus, estar\u00e1 aberta ao p\u00fablico das 7h \u00e0s 12h30.<\/p>\n","protected":false},"excerpt":{"rendered":"<p>Segundo informa\u00e7\u00f5es do site da Prefeitura de Juiz de Fora (PJF), em fun\u00e7\u00e3o das elei\u00e7\u00f5es, realizadas neste domingo, 2 de outubro, o Parque Municipal e o Museu Mariano Proc\u00f3pio, bem como seu parque, n\u00e3o funcionar\u00e3o. O Parque Municipal retoma os funcionamentos na ter\u00e7a-feira, 5, a partir das 8h, mesmo dia em que o Museu e [&hellip;]<\/p>\n","protected":false},"author":246,"featured_media":204921,"comment_status":"closed","ping_status":"closed","sticky":false,"template":"","format":"standard","meta":{"footnotes":""},"categories":[253,436,440,439],"tags":[],"class_list":["post-204920","post","type-post","status-publish","format-standard","has-post-thumbnail","hentry","category-cidade","category-destaque-da-semana","category-destaques-do-dia","category-ultima-hora"],"_links":{"self":[{"href":"https:\/\/diarioregionaldigital.com.br\/index.php?rest_route=\/wp\/v2\/posts\/204920","targetHints":{"allow":["GET"]}}],"collection":[{"href":"https:\/\/diarioregionaldigital.com.br\/index.php?rest_route=\/wp\/v2\/posts"}],"about":[{"href":"https:\/\/diarioregionaldigital.com.br\/index.php?rest_route=\/wp\/v2\/types\/post"}],"author":[{"embeddable":true,"href":"https:\/\/diarioregionaldigital.com.br\/index.php?rest_route=\/wp\/v2\/users\/246"}],"replies":[{"embeddable":true,"href":"https:\/\/diarioregionaldigital.com.br\/index.php?rest_route=%2Fwp%2Fv2%2Fcomments&post=204920"}],"version-history":[{"count":1,"href":"https:\/\/diarioregionaldigital.com.br\/index.php?rest_route=\/wp\/v2\/posts\/204920\/revisions"}],"predecessor-version":[{"id":204922,"href":"https:\/\/diarioregionaldigital.com.br\/index.php?rest_route=\/wp\/v2\/posts\/204920\/revisions\/204922"}],"wp:featuredmedia":[{"embeddable":true,"href":"https:\/\/diarioregionaldigital.com.br\/index.php?rest_route=\/wp\/v2\/media\/204921"}],"wp:attachment":[{"href":"https:\/\/diarioregionaldigital.com.br\/index.php?rest_route=%2Fwp%2Fv2%2Fmedia&parent=204920"}],"wp:term":[{"taxonomy":"category","embeddable":true,"href":"https:\/\/diarioregionaldigital.com.br\/index.php?rest_route=%2Fwp%2Fv2%2Fcategories&post=204920"},{"taxonomy":"post_tag","embeddable":true,"href":"https:\/\/diarioregionaldigital.com.br\/index.php?rest_route=%2Fwp%2Fv2%2Ftags&post=204920"}],"curies":[{"name":"wp","href":"https:\/\/api.w.org\/{rel}","templated":true}]}}