{"id":204917,"date":"2022-09-29T21:10:25","date_gmt":"2022-09-30T00:10:25","guid":{"rendered":"https:\/\/diarioregionaldigital.com.br\/?p=204917"},"modified":"2022-09-29T21:10:25","modified_gmt":"2022-09-30T00:10:25","slug":"com-participacao-de-medalhistas-olimpicas-cob-realiza-2o-seminario-do-programa-de-carreira-do-atleta","status":"publish","type":"post","link":"https:\/\/diarioregionaldigital.com.br\/?p=204917","title":{"rendered":"Com participa\u00e7\u00e3o de medalhistas ol\u00edmpicas, COB realiza 2\u00ba Semin\u00e1rio do Programa de Carreira do Atleta"},"content":{"rendered":"<p>O Instituto Ol\u00edmpico Brasileiro (IOB), \u00e1rea de educa\u00e7\u00e3o do Comit\u00ea Ol\u00edmpico do Brasil (COB), realiza nos dias 27 e 28 de setembro o 2\u00ba Semin\u00e1rio do Programa de Carreira de Atleta (PCA Transi\u00e7\u00e3o). A iniciativa visa auxiliar e capacitar os atletas no processo de transi\u00e7\u00e3o para novas carreiras.<\/p>\n<p>O Semin\u00e1rio, que ser\u00e1 realizado de maneira online, ter\u00e1 palestras com profissionais experientes falando sobre o mercado de trabalho e suas tend\u00eancias, al\u00e9m de orienta\u00e7\u00e3o vocacional aos atletas<\/p>\n<p>O evento contar\u00e1 com a presen\u00e7a de 15 atletas, que j\u00e1 estiveram em Jogos Ol\u00edmpicos, Jogos pan-americanos e Jogos Paral\u00edmpicos. Entre eles, est\u00e3o medalhistas ol\u00edmpicos como \u00c1gatha e Barbara Seixas, do v\u00f4lei de praia, e Ketleyn Quadros, do jud\u00f4.<\/p>\n<p>O 2\u00ba Semin\u00e1rio \u00e9 apenas mais uma das diversas a\u00e7\u00f5es promovidas pelo IOB no Programa de Carreira do Atleta (PCA Transi\u00e7\u00e3o). Voltado para direcionar e ajudar no processo de p\u00f3s-carreira dos atletas, o programa conta tamb\u00e9m com processo de coaching, planos de carreira individuais, workshops, bolas de estudo, entre outros.<\/p>\n<p><span style=\"font-weight: 400;\">Fonte:\u00a0 COB<\/span><\/p>\n","protected":false},"excerpt":{"rendered":"<p>O Instituto Ol\u00edmpico Brasileiro (IOB), \u00e1rea de educa\u00e7\u00e3o do Comit\u00ea Ol\u00edmpico do Brasil (COB), realiza nos dias 27 e 28 de setembro o 2\u00ba Semin\u00e1rio do Programa de Carreira de Atleta (PCA Transi\u00e7\u00e3o). A iniciativa visa auxiliar e capacitar os atletas no processo de transi\u00e7\u00e3o para novas carreiras. O Semin\u00e1rio, que ser\u00e1 realizado de maneira [&hellip;]<\/p>\n","protected":false},"author":246,"featured_media":204918,"comment_status":"closed","ping_status":"closed","sticky":false,"template":"","format":"standard","meta":{"footnotes":""},"categories":[436,257,439],"tags":[],"class_list":["post-204917","post","type-post","status-publish","format-standard","has-post-thumbnail","hentry","category-destaque-da-semana","category-esporte","category-ultima-hora"],"_links":{"self":[{"href":"https:\/\/diarioregionaldigital.com.br\/index.php?rest_route=\/wp\/v2\/posts\/204917","targetHints":{"allow":["GET"]}}],"collection":[{"href":"https:\/\/diarioregionaldigital.com.br\/index.php?rest_route=\/wp\/v2\/posts"}],"about":[{"href":"https:\/\/diarioregionaldigital.com.br\/index.php?rest_route=\/wp\/v2\/types\/post"}],"author":[{"embeddable":true,"href":"https:\/\/diarioregionaldigital.com.br\/index.php?rest_route=\/wp\/v2\/users\/246"}],"replies":[{"embeddable":true,"href":"https:\/\/diarioregionaldigital.com.br\/index.php?rest_route=%2Fwp%2Fv2%2Fcomments&post=204917"}],"version-history":[{"count":1,"href":"https:\/\/diarioregionaldigital.com.br\/index.php?rest_route=\/wp\/v2\/posts\/204917\/revisions"}],"predecessor-version":[{"id":204919,"href":"https:\/\/diarioregionaldigital.com.br\/index.php?rest_route=\/wp\/v2\/posts\/204917\/revisions\/204919"}],"wp:featuredmedia":[{"embeddable":true,"href":"https:\/\/diarioregionaldigital.com.br\/index.php?rest_route=\/wp\/v2\/media\/204918"}],"wp:attachment":[{"href":"https:\/\/diarioregionaldigital.com.br\/index.php?rest_route=%2Fwp%2Fv2%2Fmedia&parent=204917"}],"wp:term":[{"taxonomy":"category","embeddable":true,"href":"https:\/\/diarioregionaldigital.com.br\/index.php?rest_route=%2Fwp%2Fv2%2Fcategories&post=204917"},{"taxonomy":"post_tag","embeddable":true,"href":"https:\/\/diarioregionaldigital.com.br\/index.php?rest_route=%2Fwp%2Fv2%2Ftags&post=204917"}],"curies":[{"name":"wp","href":"https:\/\/api.w.org\/{rel}","templated":true}]}}