{"id":204914,"date":"2022-09-29T21:08:38","date_gmt":"2022-09-30T00:08:38","guid":{"rendered":"https:\/\/diarioregionaldigital.com.br\/?p=204914"},"modified":"2022-09-29T21:08:38","modified_gmt":"2022-09-30T00:08:38","slug":"inspirada-por-2018-equipe-masculina-de-tenis-de-mesa-busca-repetir-desempenho-no-mundial-2","status":"publish","type":"post","link":"https:\/\/diarioregionaldigital.com.br\/?p=204914","title":{"rendered":"Inspirada por 2018, equipe masculina de t\u00eanis de mesa busca repetir desempenho no Mundial"},"content":{"rendered":"<p>A espera acabou. Depois de quatro anos, o Mundial por Equipes de t\u00eanis de mesa volta a ser realizado a partir desta sexta-feira (30.09). Para a competi\u00e7\u00e3o na cidade chinesa de Chengdu, a equipe masculina chega buscando repetir a grande atua\u00e7\u00e3o feita em 2018, quando o pa\u00eds fez hist\u00f3ria ao chegar \u00e0s quartas de final, melhor campanha nacional de todos os tempos.<\/p>\n<p>No Oriente, o Brasil ter\u00e1 representa\u00e7\u00e3o em ambos os naipes. Entre os homens, a equipe \u00e9 formada por Hugo Calderano, Vitor Ishiy e Eric Jouti, enquanto, entre as mulheres, as mesa-tenistas s\u00e3o Bruna Takahashi, Giulia Takahashi e Laura Watanabe.<\/p>\n<p>No masculino, a sele\u00e7\u00e3o est\u00e1 no Grupo 6, ao lado de Portugal, Dinamarca e Eslov\u00e1quia. O Brasil \u00e9 um dos cabe\u00e7as de chave, ao lado de pot\u00eancias como China, Alemanha, Jap\u00e3o, Coreia do Sul, Taipei, Inglaterra e Su\u00e9cia.<\/p>\n<p>E foi justamente em territ\u00f3rio sueco que o time verde e amarelo conseguiu um feito jamais realizado: ficar a um jogo das semifinais. Na ocasi\u00e3o, em Halmstad, o Brasil terminou na segunda coloca\u00e7\u00e3o de um grupo com advers\u00e1rios complicados, como China, Portugal e Rep\u00fablica Tcheca.<\/p>\n<p>Com a vice-lideran\u00e7a, o pa\u00eds avan\u00e7ou para as oitavas de final, em que eliminou a Cro\u00e1cia em um embate acirrad\u00edssimo com triunfo por 3 jogos a 2. Nas quartas, a equipe encarou a Alemanha, deu trabalho, mas acabou superada por 3 a 1. \u00c0 \u00e9poca, o Brasil tinha quase a mesma forma\u00e7\u00e3o atual. A diferen\u00e7a fica por conta da aus\u00eancia de Gustavo Tsuboi na edi\u00e7\u00e3o deste ano.<\/p>\n<p>100% Bolsa Atleta<\/p>\n<p>Os seis atletas que representam o Brasil no Mundial por equipes integram o Bolsa Atleta, programa de patroc\u00ednio direto a esportistas de alto rendimento da Secretaria Especial do Esporte do Minist\u00e9rio da Cidadania. Hugo Calderano, Vitor Ishiy e Bruna Takahashi integram a categoria P\u00f3dio, a principal do programa, voltada para atletas que se qualificam entre os 20 melhores do mundo em suas modalidades. Calderano frequenta o top 5 mundial individual h\u00e1 mais de tr\u00eas anos. Bruna e Vitor est\u00e3o no top 20 das duplas mistas. J\u00e1 Laura Watanabe, Eric Jouti e Giulia Takahashi integram a categoria Internacional do Bolsa Atleta.<\/p>\n<p>Para repetir a hist\u00f3ria ou ir al\u00e9m, o time brasileiro conta com um elemento que cresce em campeonatos por equipes: Vitor Ishiy. Atualmente na 68\u00aa posi\u00e7\u00e3o do ranking da Federa\u00e7\u00e3o Internacional de T\u00eanis de Mesa (ITTF), o atleta se torna um trunfo quando o coletivo mais precisa.<\/p>\n<p>No Pr\u00e9-Ol\u00edmpico Latino de Equipes \u2013 em Lima, no Peru, em 2019, ele foi o respons\u00e1vel por fechar o embate entre Brasil e Argentina, que definiu quem iria aos Jogos Ol\u00edmpicos T\u00f3quio 2020. No megaevento, o atleta tamb\u00e9m foi essencial. Na vit\u00f3ria nacional nas oitavas diante da S\u00e9rvia, ele, que estreava em Olimp\u00edadas, foi novamente o respons\u00e1vel por encerrar e definir o confronto.<\/p>\n<p>Vitor Ishiy tamb\u00e9m foi imprescind\u00edvel para o t\u00edtulo por equipes do pa\u00eds no Pan-Americano de 2021. Com esse retrospecto, o brasileiro est\u00e1 empolgado para mais uma competi\u00e7\u00e3o coletiva. Ele lembrou os bons momentos que teve recentemente atuando em equipe.<\/p>\n<p>\u201cEstou feliz em participar do Mundial. \u00c9 sempre muito bom poder representar o nosso pa\u00eds. Acho que no geral tivemos boas participa\u00e7\u00f5es em competi\u00e7\u00f5es por equipes. As minhas melhores lembran\u00e7as s\u00e3o a classifica\u00e7\u00e3o para as Olimp\u00edadas na final contra a Argentina e a minha estreia ol\u00edmpica contra a S\u00e9rvia\u201d.<\/p>\n<p>Feminino<\/p>\n<p>No feminino, o pa\u00eds est\u00e1 no Grupo 3, ao lado de Hong Kong (cabe\u00e7a de chave), Fran\u00e7a, It\u00e1lia e \u00c1frica do Sul. O time nacional \u00e9 formado por um esquadr\u00e3o jovem, mas talentoso. A veterana do trio \u00e9 Bruna Takahashi, que tem apenas 22 anos e \u00e9 a 21\u00aa melhor atleta do mundo. Bruna lidera o time completado pelas jovens Giulia Takahashi, de 17 anos, e Laura Watanabe, de 18.<\/p>\n<p>Bruna j\u00e1 esteve em uma edi\u00e7\u00e3o de Mundial por Equipes. Em 2018, em Halmstad \u2013 Su\u00e9cia, ela comp\u00f4s o time, que ainda tinha Luca Kumahara, Lin Gui e Jessica Yamada.<\/p>\n<p>\u00c0 \u00e9poca, ela era a ca\u00e7ula e tinha 17 anos, mesma idade da estreia de sua irm\u00e3, Giulia, no Mundial. Na ocasi\u00e3o, o Brasil finalizou na 20\u00aa posi\u00e7\u00e3o, quando n\u00e3o conseguiu avan\u00e7ar da primeira fase.<\/p>\n<p>\u201cCom certeza estarei mais madura, j\u00e1 se passaram quatro anos desde o \u00faltimo Mundial. Estou feliz com a nossa equipe com a Giulia e a Laura, um time que est\u00e1 vindo para o cen\u00e1rio internacional. N\u00e3o vejo a hora de atuar com elas e ver como vai ser\u201d, contou Bruna Takahashi, que falou sobre a sua prepara\u00e7\u00e3o:<\/p>\n<p>\u201cFiquei um bom per\u00edodo em S\u00e3o Paulo, treinando no S\u00e3o Caetano (clube o qual Bruna tem v\u00ednculo no Brasil) e tive alguns jogos recentes na Alemanha (na Europa, ela joga pelo TTC1946 Weinheim), ent\u00e3o acredito que a minha prepara\u00e7\u00e3o esteve no caminho correto para a disputa do Mundial\u201d, completou.<\/p>\n<p>A paulista conseguiu resultados expressivos em 2022. Ela chegou \u00e0 terceira posi\u00e7\u00e3o do WTT Contender Lima, em junho deste ano, igualando um feito que n\u00e3o era alcan\u00e7ado desde 2017 por brasileiras no Circuito Mundial. Al\u00e9m disso, um m\u00eas depois, se colocou no Top 8 do WTT Star Contender Budapeste, um dos principais campeonatos da modalidade na temporada.<\/p>\n<p>Outra novidade no evento oriental fica por conta da estreia do treinador da Sele\u00e7\u00e3o Brasileira feminina, Hideo Yamamoto, em uma edi\u00e7\u00e3o de Campeonato Mundial por Equipes. Ele assumiu o atual posto em dezembro de 2021, substituindo o atual embaixador do t\u00eanis de mesa no Brasil, Hugo Hoyama.<\/p>\n<p>O campeonato em Chengdu, na China, come\u00e7a nesta sexta-feira (30) e se encerra em 9 de outubro. O evento ter\u00e1 transmiss\u00e3o no Brasil pelo servi\u00e7o de streaming Star+ (nas primeiras fases) e pela ESPN (a partir das oitavas de final).<\/p>\n<p>Fonte: Confedera\u00e7\u00e3o Brasileira de T\u00eanis de Mesa<\/p>\n","protected":false},"excerpt":{"rendered":"<p>A espera acabou. Depois de quatro anos, o Mundial por Equipes de t\u00eanis de mesa volta a ser realizado a partir desta sexta-feira (30.09). Para a competi\u00e7\u00e3o na cidade chinesa de Chengdu, a equipe masculina chega buscando repetir a grande atua\u00e7\u00e3o feita em 2018, quando o pa\u00eds fez hist\u00f3ria ao chegar \u00e0s quartas de final, [&hellip;]<\/p>\n","protected":false},"author":246,"featured_media":204915,"comment_status":"closed","ping_status":"closed","sticky":false,"template":"","format":"standard","meta":{"footnotes":""},"categories":[436,257,439],"tags":[],"class_list":["post-204914","post","type-post","status-publish","format-standard","has-post-thumbnail","hentry","category-destaque-da-semana","category-esporte","category-ultima-hora"],"_links":{"self":[{"href":"https:\/\/diarioregionaldigital.com.br\/index.php?rest_route=\/wp\/v2\/posts\/204914","targetHints":{"allow":["GET"]}}],"collection":[{"href":"https:\/\/diarioregionaldigital.com.br\/index.php?rest_route=\/wp\/v2\/posts"}],"about":[{"href":"https:\/\/diarioregionaldigital.com.br\/index.php?rest_route=\/wp\/v2\/types\/post"}],"author":[{"embeddable":true,"href":"https:\/\/diarioregionaldigital.com.br\/index.php?rest_route=\/wp\/v2\/users\/246"}],"replies":[{"embeddable":true,"href":"https:\/\/diarioregionaldigital.com.br\/index.php?rest_route=%2Fwp%2Fv2%2Fcomments&post=204914"}],"version-history":[{"count":1,"href":"https:\/\/diarioregionaldigital.com.br\/index.php?rest_route=\/wp\/v2\/posts\/204914\/revisions"}],"predecessor-version":[{"id":204916,"href":"https:\/\/diarioregionaldigital.com.br\/index.php?rest_route=\/wp\/v2\/posts\/204914\/revisions\/204916"}],"wp:featuredmedia":[{"embeddable":true,"href":"https:\/\/diarioregionaldigital.com.br\/index.php?rest_route=\/wp\/v2\/media\/204915"}],"wp:attachment":[{"href":"https:\/\/diarioregionaldigital.com.br\/index.php?rest_route=%2Fwp%2Fv2%2Fmedia&parent=204914"}],"wp:term":[{"taxonomy":"category","embeddable":true,"href":"https:\/\/diarioregionaldigital.com.br\/index.php?rest_route=%2Fwp%2Fv2%2Fcategories&post=204914"},{"taxonomy":"post_tag","embeddable":true,"href":"https:\/\/diarioregionaldigital.com.br\/index.php?rest_route=%2Fwp%2Fv2%2Ftags&post=204914"}],"curies":[{"name":"wp","href":"https:\/\/api.w.org\/{rel}","templated":true}]}}