{"id":204911,"date":"2022-09-29T21:05:12","date_gmt":"2022-09-30T00:05:12","guid":{"rendered":"https:\/\/diarioregionaldigital.com.br\/?p=204911"},"modified":"2022-09-29T21:05:12","modified_gmt":"2022-09-30T00:05:12","slug":"parque-olimpico-da-barra-recebe-o-campeonato-brasileiro-sub-21-de-judo","status":"publish","type":"post","link":"https:\/\/diarioregionaldigital.com.br\/?p=204911","title":{"rendered":"Parque Ol\u00edmpico da Barra recebe o Campeonato Brasileiro Sub-21 de jud\u00f4"},"content":{"rendered":"<p>Parque Ol\u00edmpico da Barra, no Rio de Janeiro, recebe nesta sexta-feira (30.09) e s\u00e1bado (01.10) o Campeonato Brasileiro Sub-21 de Jud\u00f4. As competi\u00e7\u00f5es ser\u00e3o realizadas na Arena Carioca 1 e o evento vai reunir 273 atletas das cinco regi\u00f5es do Brasil. Vinte e cinco estados, al\u00e9m do Distrito Federal, ter\u00e3o representantes nos tatames.<\/p>\n<p>Em 2022, o torneio ganhou uma novidade: a estreia da competi\u00e7\u00e3o por equipes. Ao todo, 15 estados e o Distrito Federal v\u00e3o competir pelo t\u00edtulo in\u00e9dito. S\u00e3o eles Bahia, Esp\u00edrito Santo, Goi\u00e1s, Minas Gerais, Mato Grosso do Sul, Mato Grosso, Par\u00e1, Pernambuco, Paran\u00e1, Rio de Janeiro, Rio Grande do Norte, Rio Grande do Sul, Santa Catarina, Sergipe e S\u00e3o Paulo.<\/p>\n<p>A Sele\u00e7\u00e3o Sub-21 de Jud\u00f4 vem de resultados expressivos ao longo do ano. Foram mais de 30 medalhas individuais conquistadas no circuito internacional, incluindo os vice-campeonatos mundiais de Kaillany Cardoso (63kg) e Beatriz Freitas (78kg) e o ouro por equipes no Campeonato Pan-Americano de Lima, no Peru.<\/p>\n<p>Al\u00e9m de reunir alguns dos principais jovens nomes do pa\u00eds, o Brasileiro Sub-21 \u00e9 uma das portas de entrada para a Sele\u00e7\u00e3o S\u00eanior. Os campe\u00f5es garantem vaga para a segunda etapa da Seletiva Nacional, que acontecer\u00e1 na segunda semana de novembro, em Porto Alegre (RS). Os dois dias de ter\u00e3o entrada gratuita. As preliminares ter\u00e3o in\u00edcio \u00e0s 9h (hor\u00e1rio de Bras\u00edlia).<\/p>\n<p>Fonte: Minist\u00e9rio da Cidadania e CBJ<\/p>\n","protected":false},"excerpt":{"rendered":"<p>Parque Ol\u00edmpico da Barra, no Rio de Janeiro, recebe nesta sexta-feira (30.09) e s\u00e1bado (01.10) o Campeonato Brasileiro Sub-21 de Jud\u00f4. As competi\u00e7\u00f5es ser\u00e3o realizadas na Arena Carioca 1 e o evento vai reunir 273 atletas das cinco regi\u00f5es do Brasil. Vinte e cinco estados, al\u00e9m do Distrito Federal, ter\u00e3o representantes nos tatames. Em 2022, [&hellip;]<\/p>\n","protected":false},"author":246,"featured_media":204912,"comment_status":"closed","ping_status":"closed","sticky":false,"template":"","format":"standard","meta":{"footnotes":""},"categories":[436,257,439],"tags":[],"class_list":["post-204911","post","type-post","status-publish","format-standard","has-post-thumbnail","hentry","category-destaque-da-semana","category-esporte","category-ultima-hora"],"_links":{"self":[{"href":"https:\/\/diarioregionaldigital.com.br\/index.php?rest_route=\/wp\/v2\/posts\/204911","targetHints":{"allow":["GET"]}}],"collection":[{"href":"https:\/\/diarioregionaldigital.com.br\/index.php?rest_route=\/wp\/v2\/posts"}],"about":[{"href":"https:\/\/diarioregionaldigital.com.br\/index.php?rest_route=\/wp\/v2\/types\/post"}],"author":[{"embeddable":true,"href":"https:\/\/diarioregionaldigital.com.br\/index.php?rest_route=\/wp\/v2\/users\/246"}],"replies":[{"embeddable":true,"href":"https:\/\/diarioregionaldigital.com.br\/index.php?rest_route=%2Fwp%2Fv2%2Fcomments&post=204911"}],"version-history":[{"count":1,"href":"https:\/\/diarioregionaldigital.com.br\/index.php?rest_route=\/wp\/v2\/posts\/204911\/revisions"}],"predecessor-version":[{"id":204913,"href":"https:\/\/diarioregionaldigital.com.br\/index.php?rest_route=\/wp\/v2\/posts\/204911\/revisions\/204913"}],"wp:featuredmedia":[{"embeddable":true,"href":"https:\/\/diarioregionaldigital.com.br\/index.php?rest_route=\/wp\/v2\/media\/204912"}],"wp:attachment":[{"href":"https:\/\/diarioregionaldigital.com.br\/index.php?rest_route=%2Fwp%2Fv2%2Fmedia&parent=204911"}],"wp:term":[{"taxonomy":"category","embeddable":true,"href":"https:\/\/diarioregionaldigital.com.br\/index.php?rest_route=%2Fwp%2Fv2%2Fcategories&post=204911"},{"taxonomy":"post_tag","embeddable":true,"href":"https:\/\/diarioregionaldigital.com.br\/index.php?rest_route=%2Fwp%2Fv2%2Ftags&post=204911"}],"curies":[{"name":"wp","href":"https:\/\/api.w.org\/{rel}","templated":true}]}}