{"id":204908,"date":"2022-09-29T21:02:42","date_gmt":"2022-09-30T00:02:42","guid":{"rendered":"https:\/\/diarioregionaldigital.com.br\/?p=204908"},"modified":"2022-09-29T21:02:42","modified_gmt":"2022-09-30T00:02:42","slug":"tecnico-eduardo-baptista-deixa-atletico-go-apos-5-derrotas-seguidas","status":"publish","type":"post","link":"https:\/\/diarioregionaldigital.com.br\/?p=204908","title":{"rendered":"T\u00e9cnico Eduardo Baptista deixa Atl\u00e9tico-GO ap\u00f3s 5 derrotas seguidas"},"content":{"rendered":"<p>O t\u00e9cnico Eduardo Baptista n\u00e3o comanda mais o Atl\u00e9tico Goianiense. O clube anunciou a sa\u00edda do treinador na tarde desta quinta-feira (29) por meio de postagem no Twitter. O desligamento ocorre ap\u00f3s derrota ontem (28) para o Corinthians por \u00a02 a 1, complicando ainda mais a situa\u00e7\u00e3o do Drag\u00e3o no Campeonato Brasileiro. A 10 rodadas para o fim da competi\u00e7\u00e3o, o Atl\u00e9tico-GO \u00e9 o vice-lanterna da S\u00e9rie A , com 22 pontos, nove a menos que o Cear\u00e1, primeiro fora da zona de rebaixamento (Z4).<img decoding=\"async\" src=\"https:\/\/agenciabrasil.ebc.com.br\/ebc.png?id=1485152&amp;o=node\" \/><img decoding=\"async\" src=\"https:\/\/agenciabrasil.ebc.com.br\/ebc.gif?id=1485152&amp;o=node\" \/><\/p>\n<p>Baptista estreou com vit\u00f3ria contra o S\u00e3o Paulo (3 a 1) no jogo de ida da semifinal da Copa Sul-Americana, mas depois o Drag\u00e3o foi eliminado nos p\u00eanaltis na partida de volta, ap\u00f3s perder por 2 a 0\u00a0 no tempo normal. No Brasileiro, o t\u00e9cnico acumulou cinco derrotas seguidas.<\/p>\n<p>Nos pr\u00f3ximos jogos, o Drag\u00e3o ser\u00e1 comando pelo auxiliar t\u00e9cnico Eduardo Souza. No pr\u00f3ximo s\u00e1bado (1\u00ba de outubro), o Atl\u00e9tico-GO enfrenta o Ava\u00ed em Florian\u00f3polis, \u00e0s 19h (hor\u00e1rio de Bras\u00edlia).<\/p>\n<p><span style=\"font-weight: 400;\">Fonte:\u00a0 Ag\u00eancia Brasil <\/span><\/p>\n","protected":false},"excerpt":{"rendered":"<p>O t\u00e9cnico Eduardo Baptista n\u00e3o comanda mais o Atl\u00e9tico Goianiense. O clube anunciou a sa\u00edda do treinador na tarde desta quinta-feira (29) por meio de postagem no Twitter. O desligamento ocorre ap\u00f3s derrota ontem (28) para o Corinthians por \u00a02 a 1, complicando ainda mais a situa\u00e7\u00e3o do Drag\u00e3o no Campeonato Brasileiro. A 10 rodadas [&hellip;]<\/p>\n","protected":false},"author":246,"featured_media":204909,"comment_status":"closed","ping_status":"closed","sticky":false,"template":"","format":"standard","meta":{"footnotes":""},"categories":[436,440,257,439],"tags":[],"class_list":["post-204908","post","type-post","status-publish","format-standard","has-post-thumbnail","hentry","category-destaque-da-semana","category-destaques-do-dia","category-esporte","category-ultima-hora"],"_links":{"self":[{"href":"https:\/\/diarioregionaldigital.com.br\/index.php?rest_route=\/wp\/v2\/posts\/204908","targetHints":{"allow":["GET"]}}],"collection":[{"href":"https:\/\/diarioregionaldigital.com.br\/index.php?rest_route=\/wp\/v2\/posts"}],"about":[{"href":"https:\/\/diarioregionaldigital.com.br\/index.php?rest_route=\/wp\/v2\/types\/post"}],"author":[{"embeddable":true,"href":"https:\/\/diarioregionaldigital.com.br\/index.php?rest_route=\/wp\/v2\/users\/246"}],"replies":[{"embeddable":true,"href":"https:\/\/diarioregionaldigital.com.br\/index.php?rest_route=%2Fwp%2Fv2%2Fcomments&post=204908"}],"version-history":[{"count":1,"href":"https:\/\/diarioregionaldigital.com.br\/index.php?rest_route=\/wp\/v2\/posts\/204908\/revisions"}],"predecessor-version":[{"id":204910,"href":"https:\/\/diarioregionaldigital.com.br\/index.php?rest_route=\/wp\/v2\/posts\/204908\/revisions\/204910"}],"wp:featuredmedia":[{"embeddable":true,"href":"https:\/\/diarioregionaldigital.com.br\/index.php?rest_route=\/wp\/v2\/media\/204909"}],"wp:attachment":[{"href":"https:\/\/diarioregionaldigital.com.br\/index.php?rest_route=%2Fwp%2Fv2%2Fmedia&parent=204908"}],"wp:term":[{"taxonomy":"category","embeddable":true,"href":"https:\/\/diarioregionaldigital.com.br\/index.php?rest_route=%2Fwp%2Fv2%2Fcategories&post=204908"},{"taxonomy":"post_tag","embeddable":true,"href":"https:\/\/diarioregionaldigital.com.br\/index.php?rest_route=%2Fwp%2Fv2%2Ftags&post=204908"}],"curies":[{"name":"wp","href":"https:\/\/api.w.org\/{rel}","templated":true}]}}