{"id":204898,"date":"2022-09-29T20:40:53","date_gmt":"2022-09-29T23:40:53","guid":{"rendered":"https:\/\/diarioregionaldigital.com.br\/?p=204898"},"modified":"2022-09-29T20:40:53","modified_gmt":"2022-09-29T23:40:53","slug":"tse-mantem-decisao-que-impediu-candidatura-de-agnelo-queiroz","status":"publish","type":"post","link":"https:\/\/diarioregionaldigital.com.br\/?p=204898","title":{"rendered":"TSE mant\u00e9m decis\u00e3o que impediu candidatura de Agnelo Queiroz"},"content":{"rendered":"<p>O plen\u00e1rio do Tribunal Superior Eleitoral (TSE) decidiu hoje (29), por unanimidade, manter a decis\u00e3o que rejeitou o registro de candidatura de Agnelo Queiroz (PT) ao cargo de deputado federal pelo Distrito Federal.\u00a0<img decoding=\"async\" src=\"https:\/\/agenciabrasil.ebc.com.br\/ebc.png?id=1485147&amp;o=node\" \/><img decoding=\"async\" src=\"https:\/\/agenciabrasil.ebc.com.br\/ebc.gif?id=1485147&amp;o=node\" \/><\/p>\n<p>O tribunal julgou um recurso protocolado pela defesa do candidato, que \u00e9 ex-governador do DF, contra a decis\u00e3o tomada em 12 de setembro pelo Tribunal Regional Eleitoral (TRE) do DF que indeferiu o registro por inelegibilidade.<\/p>\n<p>Ao julgar o caso na sess\u00e3o desta quinta-feira, o TSE confirmou o impedimento de Agnelo para participar do pleito em fun\u00e7\u00e3o de uma condena\u00e7\u00e3o por improbidade administrativa, que resultou na suspens\u00e3o dos direitos pol\u00edticos.<\/p>\n<p>De acordo com o tribunal, o candidato est\u00e1 fora da disputa e dever\u00e1 suspender a campanha eleitoral. O m\u00e9rito da a\u00e7\u00e3o ainda n\u00e3o foi julgado.<\/p>\n<p>Durante o julgamento, os advogados defenderam a legalidade do registro de candidatura e tratamento ison\u00f4mico entre os candidatos diante do t\u00e9rmino do prazo da inelegibilidade de Agnelo tr\u00eas dias ap\u00f3s o primeiro turno.<\/p>\n<p><span style=\"font-weight: 400;\">Fonte: Ag\u00eancia Brasil <\/span><\/p>\n","protected":false},"excerpt":{"rendered":"<p>O plen\u00e1rio do Tribunal Superior Eleitoral (TSE) decidiu hoje (29), por unanimidade, manter a decis\u00e3o que rejeitou o registro de candidatura de Agnelo Queiroz (PT) ao cargo de deputado federal pelo Distrito Federal.\u00a0 O tribunal julgou um recurso protocolado pela defesa do candidato, que \u00e9 ex-governador do DF, contra a decis\u00e3o tomada em 12 de [&hellip;]<\/p>\n","protected":false},"author":246,"featured_media":204899,"comment_status":"closed","ping_status":"closed","sticky":false,"template":"","format":"standard","meta":{"footnotes":""},"categories":[436,254,439],"tags":[],"class_list":["post-204898","post","type-post","status-publish","format-standard","has-post-thumbnail","hentry","category-destaque-da-semana","category-politica","category-ultima-hora"],"_links":{"self":[{"href":"https:\/\/diarioregionaldigital.com.br\/index.php?rest_route=\/wp\/v2\/posts\/204898","targetHints":{"allow":["GET"]}}],"collection":[{"href":"https:\/\/diarioregionaldigital.com.br\/index.php?rest_route=\/wp\/v2\/posts"}],"about":[{"href":"https:\/\/diarioregionaldigital.com.br\/index.php?rest_route=\/wp\/v2\/types\/post"}],"author":[{"embeddable":true,"href":"https:\/\/diarioregionaldigital.com.br\/index.php?rest_route=\/wp\/v2\/users\/246"}],"replies":[{"embeddable":true,"href":"https:\/\/diarioregionaldigital.com.br\/index.php?rest_route=%2Fwp%2Fv2%2Fcomments&post=204898"}],"version-history":[{"count":1,"href":"https:\/\/diarioregionaldigital.com.br\/index.php?rest_route=\/wp\/v2\/posts\/204898\/revisions"}],"predecessor-version":[{"id":204900,"href":"https:\/\/diarioregionaldigital.com.br\/index.php?rest_route=\/wp\/v2\/posts\/204898\/revisions\/204900"}],"wp:featuredmedia":[{"embeddable":true,"href":"https:\/\/diarioregionaldigital.com.br\/index.php?rest_route=\/wp\/v2\/media\/204899"}],"wp:attachment":[{"href":"https:\/\/diarioregionaldigital.com.br\/index.php?rest_route=%2Fwp%2Fv2%2Fmedia&parent=204898"}],"wp:term":[{"taxonomy":"category","embeddable":true,"href":"https:\/\/diarioregionaldigital.com.br\/index.php?rest_route=%2Fwp%2Fv2%2Fcategories&post=204898"},{"taxonomy":"post_tag","embeddable":true,"href":"https:\/\/diarioregionaldigital.com.br\/index.php?rest_route=%2Fwp%2Fv2%2Ftags&post=204898"}],"curies":[{"name":"wp","href":"https:\/\/api.w.org\/{rel}","templated":true}]}}