{"id":204889,"date":"2022-09-29T20:23:15","date_gmt":"2022-09-29T23:23:15","guid":{"rendered":"https:\/\/diarioregionaldigital.com.br\/?p=204889"},"modified":"2022-09-29T20:23:15","modified_gmt":"2022-09-29T23:23:15","slug":"governo-central-tem-deficit-primario-de-r-4997-bilhoes-em-agosto","status":"publish","type":"post","link":"https:\/\/diarioregionaldigital.com.br\/?p=204889","title":{"rendered":"Governo Central tem d\u00e9ficit prim\u00e1rio de R$ 49,97 bilh\u00f5es em agosto"},"content":{"rendered":"<p>O pagamento de precat\u00f3rios e um acordo fechado com a prefeitura de S\u00e3o Paulo fizeram as contas p\u00fablicas registrarem, em agosto, o segundo maior d\u00e9ficit prim\u00e1rio da s\u00e9rie hist\u00f3rica. No m\u00eas passado, o Governo Central \u2013 Tesouro Nacional, Previd\u00eancia Social e Banco Central \u2013 registrou d\u00e9ficit prim\u00e1rio de R$ 49,972 bilh\u00f5es, divulgou hoje (29) o Tesouro Nacional.<img decoding=\"async\" src=\"https:\/\/agenciabrasil.ebc.com.br\/ebc.png?id=1485072&amp;o=node\" \/><img decoding=\"async\" src=\"https:\/\/agenciabrasil.ebc.com.br\/ebc.gif?id=1485072&amp;o=node\" \/><\/p>\n<p>Esse \u00e9 o segundo maior d\u00e9ficit para o m\u00eas desde o in\u00edcio da s\u00e9rie hist\u00f3rica, s\u00f3 perdendo para agosto de 2020, no auge da pandemia de covid-19. O resultado veio pior que o esperado pelas institui\u00e7\u00f5es financeiras. Segundo a pesquisa Prisma Fiscal, divulgada todos os meses pelo Minist\u00e9rio da Economia, os analistas de mercado esperavam resultado negativo de R$ 14,6 bilh\u00f5es em agosto.<\/p>\n<p>Essa foi a primeira vez em que o Governo Central registrou d\u00e9ficit prim\u00e1rio ap\u00f3s resultados positivos em junho e julho. Com o resultado de agosto, o Governo Central fechou os oito primeiros meses do ano com resultado positivo de R$ 22,151 bilh\u00f5es. Esse tamb\u00e9m \u00e9 o melhor resultado para o per\u00edodo desde o in\u00edcio da s\u00e9rie hist\u00f3rica.<\/p>\n<p>O resultado prim\u00e1rio representa a diferen\u00e7a entre as receitas e os gastos, desconsiderando o pagamento dos juros da d\u00edvida p\u00fablica. Apesar do d\u00e9ficit de agosto, a equipe econ\u00f4mica estima que o Governo Central\u00a0<a href=\"https:\/\/agenciabrasil.ebc.com.br\/economia\/noticia\/2022-09\/governo-devera-fechar-o-ano-com-primeiro-superavit-primario-desde-2013\" target=\"_blank\" rel=\"noopener\">fechar\u00e1 o ano com super\u00e1vit<\/a>\u00a0prim\u00e1rio de R$ 13,548 bilh\u00f5es, o primeiro resultado positivo anual desde 2013.<\/p>\n<p>A previs\u00e3o de super\u00e1vit ocorre mesmo com a emenda constitucional que aumentar\u00e1 gastos sociais em R$ 41,25 bilh\u00f5es no segundo semestre e com as desonera\u00e7\u00f5es de R$ 71,56 bilh\u00f5es que entraram em vigor em 2022. A estimativa foi divulgada na semana passada, no Relat\u00f3rio Bimestral de Avalia\u00e7\u00e3o de Receitas e Despesas.<\/p>\n<h2>Gasto recorde<\/h2>\n<p>O d\u00e9ficit de agosto ocorreu porque as despesas foram pressionadas por dois fatores at\u00edpicos. O primeiro foi o pagamento de R$ 23,9 bilh\u00f5es referentes ao\u00a0<a href=\"https:\/\/agenciabrasil.ebc.com.br\/geral\/noticia\/2022-03\/prefeito-de-sp-e-presidente-fazem-acordo-sobre-o-campo-de-marte\" target=\"_blank\" rel=\"noopener\">acordo que extinguiu<\/a>\u00a0a d\u00edvida de cerca de R$ 24 bilh\u00f5es da Prefeitura de S\u00e3o Paulo com a Uni\u00e3o em troca da extin\u00e7\u00e3o da a\u00e7\u00e3o judicial que questiona o controle do aeroporto de Campo de Marte, na capital paulista.<\/p>\n<p>Na semana passada, o Minist\u00e9rio da Economia divulgou que o Governo Central fecharia o ano com super\u00e1vit prim\u00e1rio de R$ 37,5 bilh\u00f5es, n\u00e3o fosse o acordo de Campo de Marte.<\/p>\n<p>O segundo fator foi o pagamento de precat\u00f3rios, d\u00edvidas do governo determinadas por senten\u00e7a judicial definitiva. No m\u00eas passado, o governo pagou R$ 13,3 bilh\u00f5es a mais na Previd\u00eancia Social, R$ 6,1 bilh\u00f5es a mais nas despesas com o funcionalismo e R$ 6,2 bilh\u00f5es a mais em senten\u00e7as judiciais e precat\u00f3rios em geral. Isso ocorreu porque, por decis\u00e3o do Conselho Nacional de Justi\u00e7a, o pagamento de precat\u00f3rios, que tradicionalmente ocorre em junho, neste ano foi adiado para agosto.<\/p>\n<h2>Receitas<\/h2>\n<p>Com esses pagamentos adicionais, as despesas cresceram mais que as receitas em agosto na compara\u00e7\u00e3o com o mesmo m\u00eas do ano passado. No \u00faltimo m\u00eas, as receitas l\u00edquidas cresceram 17,5% em rela\u00e7\u00e3o a agosto do ano passado em valores nominais. Descontada a infla\u00e7\u00e3o pelo \u00cdndice Nacional de Pre\u00e7os ao Consumidor Amplo (IPCA), o crescimento atingiu 8%. No mesmo per\u00edodo, as despesas totais subiram 48,3% em valores nominais e 36,4% ap\u00f3s descontar a infla\u00e7\u00e3o.<\/p>\n<p>Em rela\u00e7\u00e3o ao pagamento de impostos, houve crescimento de R$ 8 bilh\u00f5es acima da infla\u00e7\u00e3o no Imposto de Renda, motivado principalmente pelo aumento do lucro das empresas. Em grande parte, essa alta reflete o aumento do lucro das empresas de energia e de petr\u00f3leo no in\u00edcio do ano, o que ajuda a compensar parcialmente as desonera\u00e7\u00f5es para a ind\u00fastria e para os combust\u00edveis.<\/p>\n<p>A alta do petr\u00f3leo no mercado internacional fez as receitas com\u00a0<em>royalties<\/em>\u00a0crescerem R$ 1,729 bilh\u00e3o (+30,5%) acima da infla\u00e7\u00e3o no m\u00eas passado na compara\u00e7\u00e3o com agosto de 2021. Atualmente, a cota\u00e7\u00e3o do barril internacional est\u00e1 em torno de US$ 90 por causa da guerra entre R\u00fassia e Ucr\u00e2nia.<\/p>\n<h2>Despesas<\/h2>\n<p>Do lado das despesas, al\u00e9m dos fatores at\u00edpicos, aumentaram os gastos com programas sociais ap\u00f3s a emenda constitucional que aumentou o valor do Aux\u00edlio Brasil e criou os Aux\u00edlios Taxista e Caminhoneiro. Apenas com o Aux\u00edlio Brasil, o impacto do reajuste do valor m\u00ednimo do benef\u00edcio para R$ 600 correspondeu a R$ 7,5 bilh\u00f5es em agosto.<\/p>\n<p>No acumulado do ano, o aumento nas despesas discricion\u00e1rias (n\u00e3o obrigat\u00f3rias) com controle de fluxo chega a R$ 39,245 bilh\u00f5es (+58,1%) acima do IPCA. Essa categoria abrange os programas sociais, como o Aux\u00edlio Brasil.<\/p>\n<p>Em contrapartida, os gastos com o funcionalismo federal ca\u00edram 7,6% no acumulado do ano descontada a infla\u00e7\u00e3o. A queda reflete o congelamento de sal\u00e1rios dos servidores p\u00fablicos que vigorou entre julho de 2020 e dezembro de 2021 e a falta de reajustes em 2022, apesar de diversas categorias estarem em greve. O adiamento dos precat\u00f3rios tamb\u00e9m contribuiu para a queda.<\/p>\n<p>Em rela\u00e7\u00e3o aos investimentos (obras p\u00fablicas e compra de equipamentos), o governo federal investiu R$ 26,7 bilh\u00f5es nos oito primeiros meses do ano. O valor representa queda de 12,5% descontado o IPCA em rela\u00e7\u00e3o ao mesmo per\u00edodo de 2021.<\/p>\n<p><span style=\"font-weight: 400;\">Fonte: Ag\u00eancia Brasil <\/span><\/p>\n","protected":false},"excerpt":{"rendered":"<p>O pagamento de precat\u00f3rios e um acordo fechado com a prefeitura de S\u00e3o Paulo fizeram as contas p\u00fablicas registrarem, em agosto, o segundo maior d\u00e9ficit prim\u00e1rio da s\u00e9rie hist\u00f3rica. No m\u00eas passado, o Governo Central \u2013 Tesouro Nacional, Previd\u00eancia Social e Banco Central \u2013 registrou d\u00e9ficit prim\u00e1rio de R$ 49,972 bilh\u00f5es, divulgou hoje (29) o [&hellip;]<\/p>\n","protected":false},"author":246,"featured_media":204890,"comment_status":"closed","ping_status":"closed","sticky":false,"template":"","format":"standard","meta":{"footnotes":""},"categories":[436,261,439],"tags":[],"class_list":["post-204889","post","type-post","status-publish","format-standard","has-post-thumbnail","hentry","category-destaque-da-semana","category-economia","category-ultima-hora"],"_links":{"self":[{"href":"https:\/\/diarioregionaldigital.com.br\/index.php?rest_route=\/wp\/v2\/posts\/204889","targetHints":{"allow":["GET"]}}],"collection":[{"href":"https:\/\/diarioregionaldigital.com.br\/index.php?rest_route=\/wp\/v2\/posts"}],"about":[{"href":"https:\/\/diarioregionaldigital.com.br\/index.php?rest_route=\/wp\/v2\/types\/post"}],"author":[{"embeddable":true,"href":"https:\/\/diarioregionaldigital.com.br\/index.php?rest_route=\/wp\/v2\/users\/246"}],"replies":[{"embeddable":true,"href":"https:\/\/diarioregionaldigital.com.br\/index.php?rest_route=%2Fwp%2Fv2%2Fcomments&post=204889"}],"version-history":[{"count":1,"href":"https:\/\/diarioregionaldigital.com.br\/index.php?rest_route=\/wp\/v2\/posts\/204889\/revisions"}],"predecessor-version":[{"id":204891,"href":"https:\/\/diarioregionaldigital.com.br\/index.php?rest_route=\/wp\/v2\/posts\/204889\/revisions\/204891"}],"wp:featuredmedia":[{"embeddable":true,"href":"https:\/\/diarioregionaldigital.com.br\/index.php?rest_route=\/wp\/v2\/media\/204890"}],"wp:attachment":[{"href":"https:\/\/diarioregionaldigital.com.br\/index.php?rest_route=%2Fwp%2Fv2%2Fmedia&parent=204889"}],"wp:term":[{"taxonomy":"category","embeddable":true,"href":"https:\/\/diarioregionaldigital.com.br\/index.php?rest_route=%2Fwp%2Fv2%2Fcategories&post=204889"},{"taxonomy":"post_tag","embeddable":true,"href":"https:\/\/diarioregionaldigital.com.br\/index.php?rest_route=%2Fwp%2Fv2%2Ftags&post=204889"}],"curies":[{"name":"wp","href":"https:\/\/api.w.org\/{rel}","templated":true}]}}