{"id":204882,"date":"2022-09-29T17:23:55","date_gmt":"2022-09-29T20:23:55","guid":{"rendered":"https:\/\/diarioregionaldigital.com.br\/?p=204882"},"modified":"2022-09-29T17:23:55","modified_gmt":"2022-09-29T20:23:55","slug":"brasil-gera-2786-mil-empregos-formais-em-agosto-diz-caged","status":"publish","type":"post","link":"https:\/\/diarioregionaldigital.com.br\/?p=204882","title":{"rendered":"Brasil gera 278,6 mil empregos formais em agosto, diz Caged"},"content":{"rendered":"<p>O Brasil gerou 278.639 postos de trabalho em agosto deste ano, resultado de 2.051.800 admiss\u00f5es e de 1.773.161 desligamentos de empregos com carteira assinada. No acumulado de 2022, o saldo \u00e9 de 1.853.298 novos trabalhadores no mercado formal. Os dados s\u00e3o do Minist\u00e9rio do Trabalho e Previd\u00eancia, que divulgou hoje (29), em Bras\u00edlia, as Estat\u00edsticas Mensais do Emprego Formal, o Novo Caged.<img decoding=\"async\" src=\"https:\/\/agenciabrasil.ebc.com.br\/ebc.png?id=1484980&amp;o=node\" \/><img decoding=\"async\" src=\"https:\/\/agenciabrasil.ebc.com.br\/ebc.gif?id=1484980&amp;o=node\" \/><\/p>\n<p>O estoque de empregos formais no pa\u00eds, que \u00e9 a quantidade total de v\u00ednculos celetistas ativos, chegou a 42.531.653 em agosto, o que representa um aumento de 0,66% em rela\u00e7\u00e3o ao m\u00eas anterior.<\/p>\n<p>No m\u00eas passado, o saldo de empregos foi positivo nos cinco grupamentos de atividades econ\u00f4micas: servi\u00e7os, com a cria\u00e7\u00e3o de 141.113 postos distribu\u00eddos principalmente nas atividades de informa\u00e7\u00e3o, comunica\u00e7\u00e3o e atividades financeiras, imobili\u00e1rias, profissionais e administrativas; ind\u00fastria, com 52.760 novos postos, concentrado na ind\u00fastria de transforma\u00e7\u00e3o; com\u00e9rcio, saldo positivo de 41.886 postos; constru\u00e7\u00e3o, mais 35.156 postos de trabalho gerados; e agricultura, pecu\u00e1ria, produ\u00e7\u00e3o florestal, pesca e aquicultura, que criou 7.724 novos empregos.<\/p>\n<p>O ministro do Trabalho e Previd\u00eancia, Jos\u00e9 Carlos Oliveira, destacou que \u00e9 o terceiro m\u00eas em que o setor industrial registra alta nas contrata\u00e7\u00f5es, o que contribui para elevar a renda da popula\u00e7\u00e3o.<\/p>\n<p>\u201cIsso quer dizer que estamos retomando o movimento da ind\u00fastria brasileira e isso \u00e9 importante porque traz um valor agregado aos nossos produtos e tamb\u00e9m vai elevar a m\u00e9dia dos sal\u00e1rios dos brasileiros. A ind\u00fastria, via de regra, requer uma melhor qualifica\u00e7\u00e3o, consequentemente, o setor crescendo, a m\u00e9dia do sal\u00e1rio do brasileiro acaba crescendo tamb\u00e9m\u201d, explicou.<\/p>\n<h2>Varia\u00e7\u00f5es por regi\u00e3o<\/h2>\n<p>Todas as regi\u00f5es do pa\u00eds tiveram saldo positivo na gera\u00e7\u00e3o de emprego no m\u00eas passado, sendo que houve aumento de trabalho formal nas 27 unidades da federa\u00e7\u00e3o.<\/p>\n<p>Em termos relativos, dos estados com maior varia\u00e7\u00e3o na cria\u00e7\u00e3o de empregos em rela\u00e7\u00e3o ao estoque do m\u00eas anterior, os destaques s\u00e3o para Roraima, com a abertura de 1.081 postos, aumento de 1,59%; Rio Grande do Norte, que criou 6.338 novas vagas (1,41%); e Amap\u00e1, com saldo positivo de 1.016 postos (1,35%).<\/p>\n<p>Os estados com menor varia\u00e7\u00e3o relativa de empregos em agosto, em rela\u00e7\u00e3o a julho, s\u00e3o Santa Catarina, que criou 10.223 postos, aumento de 0,43%; Rio Grande do Sul, com saldo positivo de 9.691, alta de 0,37%; e Piau\u00ed, que encerrou o m\u00eas passado com mais 831 postos de trabalho formal, crescimento de apenas 0,27%.<\/p>\n<p>Em termos absolutos, as unidades da federa\u00e7\u00e3o com maior saldo no m\u00eas passado foram S\u00e3o Paulo, com 74.973 postos (0,57%); Rio de Janeiro, com 30.838 vagas criadas (0,92%); e Minas Gerais, com a gera\u00e7\u00e3o de 27.381 postos (0,61%). J\u00e1 os estados com menor saldo absoluto foram Amap\u00e1, com 1.016 postos (1,35%); Acre, com 858 novas vagas (0,93%); e Piau\u00ed, que gerou 831 coloca\u00e7\u00f5es (0,27%).<\/p>\n<p>Em todo o pa\u00eds, o sal\u00e1rio m\u00e9dio de admiss\u00e3o em agosto de 2022 foi de R$ 1.949,84. Comparado ao m\u00eas anterior, houve acr\u00e9scimo real de R$ 29,27 no sal\u00e1rio m\u00e9dio de admiss\u00e3o, uma varia\u00e7\u00e3o positiva de 1,52%.<\/p>\n<p>As estat\u00edsticas completas do Novo Caged est\u00e3o dispon\u00edveis na\u00a0<a href=\"http:\/\/pdet.mte.gov.br\/novo-caged\" target=\"_blank\" rel=\"noopener\">p\u00e1gina do Minist\u00e9rio do Trabalho e Previd\u00eancia<\/a>.<\/p>\n<p><span style=\"font-weight: 400;\">Fonte: Ag\u00eancia Brasil <\/span><\/p>\n","protected":false},"excerpt":{"rendered":"<p>O Brasil gerou 278.639 postos de trabalho em agosto deste ano, resultado de 2.051.800 admiss\u00f5es e de 1.773.161 desligamentos de empregos com carteira assinada. No acumulado de 2022, o saldo \u00e9 de 1.853.298 novos trabalhadores no mercado formal. Os dados s\u00e3o do Minist\u00e9rio do Trabalho e Previd\u00eancia, que divulgou hoje (29), em Bras\u00edlia, as Estat\u00edsticas [&hellip;]<\/p>\n","protected":false},"author":246,"featured_media":204883,"comment_status":"closed","ping_status":"closed","sticky":false,"template":"","format":"standard","meta":{"footnotes":""},"categories":[436,440,261,439],"tags":[],"class_list":["post-204882","post","type-post","status-publish","format-standard","has-post-thumbnail","hentry","category-destaque-da-semana","category-destaques-do-dia","category-economia","category-ultima-hora"],"_links":{"self":[{"href":"https:\/\/diarioregionaldigital.com.br\/index.php?rest_route=\/wp\/v2\/posts\/204882","targetHints":{"allow":["GET"]}}],"collection":[{"href":"https:\/\/diarioregionaldigital.com.br\/index.php?rest_route=\/wp\/v2\/posts"}],"about":[{"href":"https:\/\/diarioregionaldigital.com.br\/index.php?rest_route=\/wp\/v2\/types\/post"}],"author":[{"embeddable":true,"href":"https:\/\/diarioregionaldigital.com.br\/index.php?rest_route=\/wp\/v2\/users\/246"}],"replies":[{"embeddable":true,"href":"https:\/\/diarioregionaldigital.com.br\/index.php?rest_route=%2Fwp%2Fv2%2Fcomments&post=204882"}],"version-history":[{"count":2,"href":"https:\/\/diarioregionaldigital.com.br\/index.php?rest_route=\/wp\/v2\/posts\/204882\/revisions"}],"predecessor-version":[{"id":204885,"href":"https:\/\/diarioregionaldigital.com.br\/index.php?rest_route=\/wp\/v2\/posts\/204882\/revisions\/204885"}],"wp:featuredmedia":[{"embeddable":true,"href":"https:\/\/diarioregionaldigital.com.br\/index.php?rest_route=\/wp\/v2\/media\/204883"}],"wp:attachment":[{"href":"https:\/\/diarioregionaldigital.com.br\/index.php?rest_route=%2Fwp%2Fv2%2Fmedia&parent=204882"}],"wp:term":[{"taxonomy":"category","embeddable":true,"href":"https:\/\/diarioregionaldigital.com.br\/index.php?rest_route=%2Fwp%2Fv2%2Fcategories&post=204882"},{"taxonomy":"post_tag","embeddable":true,"href":"https:\/\/diarioregionaldigital.com.br\/index.php?rest_route=%2Fwp%2Fv2%2Ftags&post=204882"}],"curies":[{"name":"wp","href":"https:\/\/api.w.org\/{rel}","templated":true}]}}