{"id":204872,"date":"2022-09-28T19:00:29","date_gmt":"2022-09-28T22:00:29","guid":{"rendered":"https:\/\/diarioregionaldigital.com.br\/?p=204872"},"modified":"2022-09-28T19:00:29","modified_gmt":"2022-09-28T22:00:29","slug":"juiz-de-fora-participa-de-seminario-de-corregedoria-de-guardas-municipais-em-contagem","status":"publish","type":"post","link":"https:\/\/diarioregionaldigital.com.br\/?p=204872","title":{"rendered":"Juiz de Fora participa de Semin\u00e1rio de Corregedoria de Guardas Municipais em Contagem"},"content":{"rendered":"<p>Segundo informa\u00e7\u00f5es do site da Prefeitura de Juiz de Fora (PJF), uma equipe da Guarda Municipal de Juiz de Fora se encontra em Contagem, nesta quarta-feira, 28, participando do 4\u00ba Semin\u00e1rio da Corregedoria da Guarda Civil daquele munic\u00edpio. O evento traz a abordagem dos di\u00e1logos correcionais e preven\u00e7\u00e3o como tema. O objetivo do encontro \u00e9 aproximar institui\u00e7\u00f5es cong\u00eaneres do estado, com vistas ao aperfei\u00e7oamento do preparo de servidores municipais que atuam em contato com o p\u00fablico na fun\u00e7\u00e3o de seguran\u00e7a.<\/p>\n<p>O semin\u00e1rio promove discuss\u00f5es no campo da atividade administrativa, jur\u00eddica, correcional e de preven\u00e7\u00e3o a il\u00edcitos administrativos. Al\u00e9m do corregedor da Guarda, est\u00e3o presentes ao evento o ouvidor, o supervisor de Intelig\u00eancia e um supervisor operacional. Eles aproveitam a oportunidade para trocas de experi\u00eancias e interc\u00e2mbio institucional. Os representantes ainda acompanham a palavra de especialistas no assunto, que participam com palestras.<\/p>\n<p>Desde 2016, quando foi criada a Secretaria de Seguran\u00e7a Urbana e Cidadania (Sesuc), a Guarda Municipal conta com a estrutura de uma corregedoria. O \u00f3rg\u00e3o de controle interno, previsto em lei, visa ao estabelecimento de sistema de conten\u00e7\u00e3o de excessos e de corre\u00e7\u00e3o de infra\u00e7\u00f5es disciplinares. A ele cabe realizar inspe\u00e7\u00f5es administrativas, corre\u00e7\u00f5es programadas e extraordin\u00e1rias aos postos da GM, verificando o cumprimento das normas aplic\u00e1veis aos agentes, promovendo apura\u00e7\u00e3o formal de poss\u00edveis transgress\u00f5es e fazendo encaminhamento para a aplica\u00e7\u00e3o das penalidades cab\u00edveis.<\/p>\n<p>O decreto municipal 14346\/2021 estabelece em 17 incisos as compet\u00eancias da corregedoria da Guarda Municipal. Entre elas est\u00e1 o recebimento de den\u00fancias encaminhadas pela Ouvidoria da Guarda ou por terceiros e comunicados disciplinares encaminhados pelo comandante da Guarda Municipal, adotando as provid\u00eancias previstas no Regime Disciplinar da corpora\u00e7\u00e3o, referentes \u00e0 apura\u00e7\u00e3o de condutas irregulares.<\/p>\n<p>A exist\u00eancia e o funcionamento da corregedoria buscam consolidar o modo de atua\u00e7\u00e3o da Guarda Municipal, amparado estritamente na lei, reafirmando a preocupa\u00e7\u00e3o da gest\u00e3o municipal com o alinhamento legal e a sa\u00fade institucional da GM a partir da adequa\u00e7\u00e3o, pertin\u00eancia e cumprimento \u00e0s normas em todas as suas a\u00e7\u00f5es.<\/p>\n<p>O contato com a corregedoria pode ser feito por meio do e-mail\u00a0<strong><a href=\"mailto:corregedoria-gm@pjf.mg.gov.br\">corregedoria-gm@pjf.mg.gov.br<\/a><\/strong><\/p>\n","protected":false},"excerpt":{"rendered":"<p>Segundo informa\u00e7\u00f5es do site da Prefeitura de Juiz de Fora (PJF), uma equipe da Guarda Municipal de Juiz de Fora se encontra em Contagem, nesta quarta-feira, 28, participando do 4\u00ba Semin\u00e1rio da Corregedoria da Guarda Civil daquele munic\u00edpio. O evento traz a abordagem dos di\u00e1logos correcionais e preven\u00e7\u00e3o como tema. O objetivo do encontro \u00e9 [&hellip;]<\/p>\n","protected":false},"author":246,"featured_media":204873,"comment_status":"closed","ping_status":"closed","sticky":false,"template":"","format":"standard","meta":{"footnotes":""},"categories":[253,436,439],"tags":[],"class_list":["post-204872","post","type-post","status-publish","format-standard","has-post-thumbnail","hentry","category-cidade","category-destaque-da-semana","category-ultima-hora"],"_links":{"self":[{"href":"https:\/\/diarioregionaldigital.com.br\/index.php?rest_route=\/wp\/v2\/posts\/204872","targetHints":{"allow":["GET"]}}],"collection":[{"href":"https:\/\/diarioregionaldigital.com.br\/index.php?rest_route=\/wp\/v2\/posts"}],"about":[{"href":"https:\/\/diarioregionaldigital.com.br\/index.php?rest_route=\/wp\/v2\/types\/post"}],"author":[{"embeddable":true,"href":"https:\/\/diarioregionaldigital.com.br\/index.php?rest_route=\/wp\/v2\/users\/246"}],"replies":[{"embeddable":true,"href":"https:\/\/diarioregionaldigital.com.br\/index.php?rest_route=%2Fwp%2Fv2%2Fcomments&post=204872"}],"version-history":[{"count":1,"href":"https:\/\/diarioregionaldigital.com.br\/index.php?rest_route=\/wp\/v2\/posts\/204872\/revisions"}],"predecessor-version":[{"id":204874,"href":"https:\/\/diarioregionaldigital.com.br\/index.php?rest_route=\/wp\/v2\/posts\/204872\/revisions\/204874"}],"wp:featuredmedia":[{"embeddable":true,"href":"https:\/\/diarioregionaldigital.com.br\/index.php?rest_route=\/wp\/v2\/media\/204873"}],"wp:attachment":[{"href":"https:\/\/diarioregionaldigital.com.br\/index.php?rest_route=%2Fwp%2Fv2%2Fmedia&parent=204872"}],"wp:term":[{"taxonomy":"category","embeddable":true,"href":"https:\/\/diarioregionaldigital.com.br\/index.php?rest_route=%2Fwp%2Fv2%2Fcategories&post=204872"},{"taxonomy":"post_tag","embeddable":true,"href":"https:\/\/diarioregionaldigital.com.br\/index.php?rest_route=%2Fwp%2Fv2%2Ftags&post=204872"}],"curies":[{"name":"wp","href":"https:\/\/api.w.org\/{rel}","templated":true}]}}