{"id":204767,"date":"2022-09-27T18:35:05","date_gmt":"2022-09-27T21:35:05","guid":{"rendered":"https:\/\/diarioregionaldigital.com.br\/?p=204767"},"modified":"2022-09-27T18:35:05","modified_gmt":"2022-09-27T21:35:05","slug":"confianca-do-comercio-varejista-cai-26-em-setembro","status":"publish","type":"post","link":"https:\/\/diarioregionaldigital.com.br\/?p=204767","title":{"rendered":"Confian\u00e7a do com\u00e9rcio varejista cai 2,6% em setembro"},"content":{"rendered":"<p>O \u00cdndice de Confian\u00e7a do Empres\u00e1rio do Com\u00e9rcio (Icec), divulgado hoje (27) pela Confedera\u00e7\u00e3o Nacional do Com\u00e9rcio de Bens, Servi\u00e7os e Turismo (CNC), caiu 2,6% de agosto para setembro, alcan\u00e7ando 125,5 pontos. O resultado est\u00e1 2,7 pontos abaixo do n\u00edvel registrado antes da pandemia da covid-19. Em compara\u00e7\u00e3o a setembro do ano passado, entretanto, a confian\u00e7a dos varejistas aumentou 5,2%, refletindo, principalmente, a retomada da circula\u00e7\u00e3o dos consumidores.<img decoding=\"async\" src=\"https:\/\/agenciabrasil.ebc.com.br\/ebc.png?id=1484611&amp;o=node\" \/><img decoding=\"async\" src=\"https:\/\/agenciabrasil.ebc.com.br\/ebc.gif?id=1484611&amp;o=node\" \/><\/p>\n<p>A economista Izis Ferreira, da CNC, disse que a avalia\u00e7\u00e3o das condi\u00e7\u00f5es atuais do empres\u00e1rio do com\u00e9rcio, com queda de 7,1%, contribuiu para a queda da confian\u00e7a do comerciante em setembro, influenciada pela piora na percep\u00e7\u00e3o sobre o desempenho do setor, de redu\u00e7\u00e3o de 8,1%.<\/p>\n<p>De acordo com a economista, as \u00faltimas leituras da Pesquisa Mensal do Com\u00e9rcio (PMC) do Instituto Brasileiro de Geografia e Estat\u00edstica (IBGE) apontaram queda no volume transacionado de mercadorias, \u201ce isso tem levado a uma piora na avalia\u00e7\u00e3o dos comerciantes em rela\u00e7\u00e3o ao desempenho atual do setor do com\u00e9rcio\u201d.<\/p>\n<p>Ela disse que tamb\u00e9m as expectativas gerais para o curto prazo tiveram ligeira queda na passagem mensal (-0,2%). As expectativas para o setor, em setembro, ca\u00edram 0,5%. Para a pr\u00f3pria empresa, as expectativas mostraram redu\u00e7\u00e3o de 0,6%.<\/p>\n<p>Por\u00e9m, em rela\u00e7\u00e3o ao desempenho da economia nos pr\u00f3ximos meses, o Icec aponta que os comerciantes est\u00e3o um pouco mais otimistas (0,4%). Para isso, contribu\u00edram a gera\u00e7\u00e3o de vagas no mercado de trabalho, a infla\u00e7\u00e3o mais contida e a turbinada nos programas de transfer\u00eancia de renda. \u201cA expectativa, ent\u00e3o, \u00e9 que a atividade econ\u00f4mica no Brasil cres\u00e7a este ano acima do esperado\u201d, disse Izis.<\/p>\n<p>Ainda em rela\u00e7\u00e3o \u00e0s expectativas, a economista da CNC observou que na compara\u00e7\u00e3o com os meses de setembro anteriores, principalmente em anos de elei\u00e7\u00f5es gerais, o n\u00edvel atual das expectativas \u00e9 maior. \u201cIsso mostra que por mais que tenhamos riscos e incertezas associados ao momento que estamos vivendo, eles n\u00e3o foram suficientes para diminuir as expectativas abaixo do n\u00edvel de meses anteriores\u201d.<\/p>\n<p>Ela ressalta que, na \u00faltima d\u00e9cada, apenas em setembro de 2019 as perspectivas para o curto prazo superaram o n\u00edvel atual.<\/p>\n<h2>Estoques<\/h2>\n<p>\u201cO comerciante est\u00e1 conseguindo uma melhora da rotatividade dos produtos nas prateleiras e isso tem se refletido em uma maior inten\u00e7\u00e3o de investir em estoques, por mais que o volume de vendas das \u00faltimas leituras do IBGE tenha apontado queda\u201d, disse .<\/p>\n<p>Na avalia\u00e7\u00e3o de Izis Ferreira, o comerciante est\u00e1 mais cauteloso em rela\u00e7\u00e3o aos investimentos e pretende ampliar o volume de produtos nas prateleiras, j\u00e1 antecipando o movimento sazonal esperado para a segunda metade do ano. O aumento observado na inten\u00e7\u00e3o de investimentos em estoques foi de 1,2%, em setembro, ap\u00f3s 2 meses de retra\u00e7\u00e3o.<\/p>\n<p>Em rela\u00e7\u00e3o a setembro de 2021, a inten\u00e7\u00e3o de investir nos estoques cresceu 4,4%, com a diminui\u00e7\u00e3o da propor\u00e7\u00e3o de comerciantes que consideram os estoques acima do adequado. Em setembro de 2022, 24,4% dos varejistas acreditavam ter mais mercadorias do que deveriam, contra 25,1% h\u00e1 12 meses.<\/p>\n<p>Izis Ferreira informou que desde junho de 2022, a inten\u00e7\u00e3o de investir em estoques do com\u00e9rcio vem crescendo mais entre as empresas de m\u00e9dio e grande porte ou aquelas com mais de 50 funcion\u00e1rios.<\/p>\n<p><span style=\"font-weight: 400;\">Fonte: Ag\u00eancia Brasil <\/span><\/p>\n","protected":false},"excerpt":{"rendered":"<p>O \u00cdndice de Confian\u00e7a do Empres\u00e1rio do Com\u00e9rcio (Icec), divulgado hoje (27) pela Confedera\u00e7\u00e3o Nacional do Com\u00e9rcio de Bens, Servi\u00e7os e Turismo (CNC), caiu 2,6% de agosto para setembro, alcan\u00e7ando 125,5 pontos. O resultado est\u00e1 2,7 pontos abaixo do n\u00edvel registrado antes da pandemia da covid-19. Em compara\u00e7\u00e3o a setembro do ano passado, entretanto, a [&hellip;]<\/p>\n","protected":false},"author":246,"featured_media":204768,"comment_status":"closed","ping_status":"closed","sticky":false,"template":"","format":"standard","meta":{"footnotes":""},"categories":[436,440,261,439],"tags":[],"class_list":["post-204767","post","type-post","status-publish","format-standard","has-post-thumbnail","hentry","category-destaque-da-semana","category-destaques-do-dia","category-economia","category-ultima-hora"],"_links":{"self":[{"href":"https:\/\/diarioregionaldigital.com.br\/index.php?rest_route=\/wp\/v2\/posts\/204767","targetHints":{"allow":["GET"]}}],"collection":[{"href":"https:\/\/diarioregionaldigital.com.br\/index.php?rest_route=\/wp\/v2\/posts"}],"about":[{"href":"https:\/\/diarioregionaldigital.com.br\/index.php?rest_route=\/wp\/v2\/types\/post"}],"author":[{"embeddable":true,"href":"https:\/\/diarioregionaldigital.com.br\/index.php?rest_route=\/wp\/v2\/users\/246"}],"replies":[{"embeddable":true,"href":"https:\/\/diarioregionaldigital.com.br\/index.php?rest_route=%2Fwp%2Fv2%2Fcomments&post=204767"}],"version-history":[{"count":1,"href":"https:\/\/diarioregionaldigital.com.br\/index.php?rest_route=\/wp\/v2\/posts\/204767\/revisions"}],"predecessor-version":[{"id":204769,"href":"https:\/\/diarioregionaldigital.com.br\/index.php?rest_route=\/wp\/v2\/posts\/204767\/revisions\/204769"}],"wp:featuredmedia":[{"embeddable":true,"href":"https:\/\/diarioregionaldigital.com.br\/index.php?rest_route=\/wp\/v2\/media\/204768"}],"wp:attachment":[{"href":"https:\/\/diarioregionaldigital.com.br\/index.php?rest_route=%2Fwp%2Fv2%2Fmedia&parent=204767"}],"wp:term":[{"taxonomy":"category","embeddable":true,"href":"https:\/\/diarioregionaldigital.com.br\/index.php?rest_route=%2Fwp%2Fv2%2Fcategories&post=204767"},{"taxonomy":"post_tag","embeddable":true,"href":"https:\/\/diarioregionaldigital.com.br\/index.php?rest_route=%2Fwp%2Fv2%2Ftags&post=204767"}],"curies":[{"name":"wp","href":"https:\/\/api.w.org\/{rel}","templated":true}]}}