{"id":204760,"date":"2022-09-27T01:10:28","date_gmt":"2022-09-27T04:10:28","guid":{"rendered":"https:\/\/diarioregionaldigital.com.br\/?p=204760"},"modified":"2022-09-27T01:10:28","modified_gmt":"2022-09-27T04:10:28","slug":"prefeitura-municipal-de-descoberto-extrato-no040-27-09-2022","status":"publish","type":"post","link":"https:\/\/diarioregionaldigital.com.br\/?p=204760","title":{"rendered":"Prefeitura Municipal de Descoberto &#8211; Extrato n\u00ba040 &#8211; 27\/09\/2022"},"content":{"rendered":"<p style=\"text-align: center;\"><strong>EXTRATO DE SEGUNDO TERMO ADITIVO DE CONTRATO<\/strong><\/p>\n<p style=\"text-align: center;\">2\u00ba Termo Aditivo. Pref. Municipal de Descoberto x MM Reformas e Constru\u00e7\u00f5es de Muria\u00e9 Eireli\u00a0 \u00a0&#8211; Objeto: Constitui o presente termo aditivo\u00a0 a rescis\u00e3o amig\u00e1vel do contrato n\u00ba 040\/2020, em virtude da impossibilidade de deferimento do reequil\u00edbrio econ\u00f4mico-financeiro requerido e da pretens\u00e3o do munic\u00edpio em ampliar o escopo do projeto, o que demanda aprova\u00e7\u00e3o dos \u00f3rg\u00e3os competentes &#8211; Fundamento: Tomada de Pre\u00e7os n\u00ba 003\/2020\u00a0 &#8211; Ass: 23\/09\/2022- Foro: S\u00e3o Jo\u00e3o Nepomuceno\/MG.<\/p>\n<p style=\"text-align: center;\"><strong>Marcos de Ara\u00fajo Lima<\/strong><\/p>\n<p style=\"text-align: center;\"><strong>Prefeito Municipal<\/strong><\/p>\n","protected":false},"excerpt":{"rendered":"<p>EXTRATO DE SEGUNDO TERMO ADITIVO DE CONTRATO 2\u00ba Termo Aditivo. Pref. Municipal de Descoberto x MM Reformas e Constru\u00e7\u00f5es de Muria\u00e9 Eireli\u00a0 \u00a0&#8211; Objeto: Constitui o presente termo aditivo\u00a0 a rescis\u00e3o amig\u00e1vel do contrato n\u00ba 040\/2020, em virtude da impossibilidade de deferimento do reequil\u00edbrio econ\u00f4mico-financeiro requerido e da pretens\u00e3o do munic\u00edpio em ampliar o escopo [&hellip;]<\/p>\n","protected":false},"author":96,"featured_media":0,"comment_status":"closed","ping_status":"closed","sticky":false,"template":"","format":"standard","meta":{"footnotes":""},"categories":[307],"tags":[],"class_list":["post-204760","post","type-post","status-publish","format-standard","hentry","category-editais"],"_links":{"self":[{"href":"https:\/\/diarioregionaldigital.com.br\/index.php?rest_route=\/wp\/v2\/posts\/204760","targetHints":{"allow":["GET"]}}],"collection":[{"href":"https:\/\/diarioregionaldigital.com.br\/index.php?rest_route=\/wp\/v2\/posts"}],"about":[{"href":"https:\/\/diarioregionaldigital.com.br\/index.php?rest_route=\/wp\/v2\/types\/post"}],"author":[{"embeddable":true,"href":"https:\/\/diarioregionaldigital.com.br\/index.php?rest_route=\/wp\/v2\/users\/96"}],"replies":[{"embeddable":true,"href":"https:\/\/diarioregionaldigital.com.br\/index.php?rest_route=%2Fwp%2Fv2%2Fcomments&post=204760"}],"version-history":[{"count":1,"href":"https:\/\/diarioregionaldigital.com.br\/index.php?rest_route=\/wp\/v2\/posts\/204760\/revisions"}],"predecessor-version":[{"id":204761,"href":"https:\/\/diarioregionaldigital.com.br\/index.php?rest_route=\/wp\/v2\/posts\/204760\/revisions\/204761"}],"wp:attachment":[{"href":"https:\/\/diarioregionaldigital.com.br\/index.php?rest_route=%2Fwp%2Fv2%2Fmedia&parent=204760"}],"wp:term":[{"taxonomy":"category","embeddable":true,"href":"https:\/\/diarioregionaldigital.com.br\/index.php?rest_route=%2Fwp%2Fv2%2Fcategories&post=204760"},{"taxonomy":"post_tag","embeddable":true,"href":"https:\/\/diarioregionaldigital.com.br\/index.php?rest_route=%2Fwp%2Fv2%2Ftags&post=204760"}],"curies":[{"name":"wp","href":"https:\/\/api.w.org\/{rel}","templated":true}]}}