{"id":204758,"date":"2022-09-27T01:08:53","date_gmt":"2022-09-27T04:08:53","guid":{"rendered":"https:\/\/diarioregionaldigital.com.br\/?p=204758"},"modified":"2022-09-27T01:08:53","modified_gmt":"2022-09-27T04:08:53","slug":"prefeitura-municipal-de-descoberto-extrato-no046-27-09-2022","status":"publish","type":"post","link":"https:\/\/diarioregionaldigital.com.br\/?p=204758","title":{"rendered":"Prefeitura Municipal de Descoberto &#8211; Extrato n\u00ba046 &#8211; 27\/09\/2022"},"content":{"rendered":"<p style=\"text-align: center;\"><strong>EXTRATO DE SEGUNDO TERMO ADITIVO DE CONTRATO<\/strong><\/p>\n<p style=\"text-align: center;\">2\u00ba Termo Aditivo.Pref. Municipal de Descoberto x Uni\u00e3o Recicl\u00e1veis Rio Novo- Ltda &#8211; Objeto: Modifica\u00e7\u00e3o do valor da parcela mensal- Fundamento: Concorr\u00eancia n\u00ba 001\/2018 \u2013 Valor: 18.886,09\u2013 Vig\u00eancia: 11\/04\/23\u2013 Dot or\u00e7: 02.09000.18.541.0013.244-339039\/100 &#8211; Ass: 20\/09\/2022 &#8211; Foro: S\u00e3o Jo\u00e3o Nepomuceno\/MG.<\/p>\n<p style=\"text-align: center;\"><strong>Marcos de Ara\u00fajo Lima<\/strong><\/p>\n<p style=\"text-align: center;\"><strong>Prefeito Municipal<\/strong><\/p>\n","protected":false},"excerpt":{"rendered":"<p>EXTRATO DE SEGUNDO TERMO ADITIVO DE CONTRATO 2\u00ba Termo Aditivo.Pref. Municipal de Descoberto x Uni\u00e3o Recicl\u00e1veis Rio Novo- Ltda &#8211; Objeto: Modifica\u00e7\u00e3o do valor da parcela mensal- Fundamento: Concorr\u00eancia n\u00ba 001\/2018 \u2013 Valor: 18.886,09\u2013 Vig\u00eancia: 11\/04\/23\u2013 Dot or\u00e7: 02.09000.18.541.0013.244-339039\/100 &#8211; Ass: 20\/09\/2022 &#8211; Foro: S\u00e3o Jo\u00e3o Nepomuceno\/MG. Marcos de Ara\u00fajo Lima Prefeito Municipal<\/p>\n","protected":false},"author":96,"featured_media":0,"comment_status":"closed","ping_status":"closed","sticky":false,"template":"","format":"standard","meta":{"footnotes":""},"categories":[307],"tags":[],"class_list":["post-204758","post","type-post","status-publish","format-standard","hentry","category-editais"],"_links":{"self":[{"href":"https:\/\/diarioregionaldigital.com.br\/index.php?rest_route=\/wp\/v2\/posts\/204758","targetHints":{"allow":["GET"]}}],"collection":[{"href":"https:\/\/diarioregionaldigital.com.br\/index.php?rest_route=\/wp\/v2\/posts"}],"about":[{"href":"https:\/\/diarioregionaldigital.com.br\/index.php?rest_route=\/wp\/v2\/types\/post"}],"author":[{"embeddable":true,"href":"https:\/\/diarioregionaldigital.com.br\/index.php?rest_route=\/wp\/v2\/users\/96"}],"replies":[{"embeddable":true,"href":"https:\/\/diarioregionaldigital.com.br\/index.php?rest_route=%2Fwp%2Fv2%2Fcomments&post=204758"}],"version-history":[{"count":1,"href":"https:\/\/diarioregionaldigital.com.br\/index.php?rest_route=\/wp\/v2\/posts\/204758\/revisions"}],"predecessor-version":[{"id":204759,"href":"https:\/\/diarioregionaldigital.com.br\/index.php?rest_route=\/wp\/v2\/posts\/204758\/revisions\/204759"}],"wp:attachment":[{"href":"https:\/\/diarioregionaldigital.com.br\/index.php?rest_route=%2Fwp%2Fv2%2Fmedia&parent=204758"}],"wp:term":[{"taxonomy":"category","embeddable":true,"href":"https:\/\/diarioregionaldigital.com.br\/index.php?rest_route=%2Fwp%2Fv2%2Fcategories&post=204758"},{"taxonomy":"post_tag","embeddable":true,"href":"https:\/\/diarioregionaldigital.com.br\/index.php?rest_route=%2Fwp%2Fv2%2Ftags&post=204758"}],"curies":[{"name":"wp","href":"https:\/\/api.w.org\/{rel}","templated":true}]}}