{"id":204752,"date":"2022-09-26T21:06:18","date_gmt":"2022-09-27T00:06:18","guid":{"rendered":"https:\/\/diarioregionaldigital.com.br\/?p=204752"},"modified":"2022-09-26T21:06:18","modified_gmt":"2022-09-27T00:06:18","slug":"casa-da-mulher-auxilia-mulheres-na-procura-por-emprego","status":"publish","type":"post","link":"https:\/\/diarioregionaldigital.com.br\/?p=204752","title":{"rendered":"Casa da Mulher auxilia mulheres na procura por emprego"},"content":{"rendered":"<p>Segundo informa\u00e7\u00f5es do site da Prefeitura de Juiz de Fora (PJF), desde o \u00faltimo m\u00eas, a Casa da Mulher atua em parceria com a Secretaria de Desenvolvimento Sustent\u00e1vel e Inclusivo, da Inova\u00e7\u00e3o e Competitividade (Sedic) da Prefeitura de Juiz de Fora (PJF) em um projeto para auxiliar as mulheres atendidas pela Institui\u00e7\u00e3o na busca por uma oportunidade de trabalho. A Secretaria informa as vagas dispon\u00edveis no sistema \u00e0 Casa, que avalia e divulga as chances que atendem o perfil profissional das mulheres assistidas.<\/p>\n<p>A coordenadora da Casa da Mulher, Fernanda Moura, al\u00e9m de elogiar a parceria, destacou que durante o processo as servidoras colaboram na elabora\u00e7\u00e3o e envio dos curr\u00edculos. \u00c9 dada assist\u00eancia a todas que desejam se candidatar \u00e0s vagas oferecidas e, a partir do encaminhamento de interesse, a Casa da Mulher tamb\u00e9m passa a acompanhar o progresso.<\/p>\n<p>A assessora da Sedic, Adriana Freitas, exaltou a coopera\u00e7\u00e3o entre as secretarias. \u201cApesar de termos come\u00e7ado recentemente, o retorno j\u00e1 foi muito satisfat\u00f3rio, pois uma mulher j\u00e1 foi empregada.\u201d Ela tamb\u00e9m destacou que a a\u00e7\u00e3o est\u00e1 em concord\u00e2ncia com a Lei Municipal de apoio \u00e0 empregabilidade das mulheres v\u00edtimas de viol\u00eancia. \u201cO programa Vagou Jf j\u00e1 era um sucesso, agora com a participa\u00e7\u00e3o da Casa da Mulher estamos colaborando ainda mais\u201d, completou ela.<\/p>\n<p><strong>Casa da Mulher<\/strong><\/p>\n<p>Vinculada \u00e0 Secretaria Especial de Direitos Humanos (SEDH), a Casa da Mulher Maria da Concei\u00e7\u00e3o Lammoglia Jabour \u00e9 um centro municipal de atendimento humanizado, especializado em casos de mulheres em situa\u00e7\u00e3o de viol\u00eancia dom\u00e9stica. O espa\u00e7o \u00e9 refer\u00eancia na \u00e1rea, oferecendo atendimento psicol\u00f3gico e jur\u00eddico \u00e0s v\u00edtimas de viol\u00eancia sexual, f\u00edsica e psicol\u00f3gica, al\u00e9m de contar com um \u201cPonto de Acolhimento da Sa\u00fade para Mulheres L\u00e9sbicas, Bissexuais e Trans (LBT)\u201d.<\/p>\n<p>A institui\u00e7\u00e3o tamb\u00e9m coordena pol\u00edticas para mulheres, elabora e implementa campanhas educativas e n\u00e3o discriminat\u00f3rias, contribuindo para eliminar preconceitos, atitudes e padr\u00f5es de comportamento social que perpetuam a viol\u00eancia contra o g\u00eanero. O atendimento \u00e9 realizado de segunda a sexta-feira, das 8h \u00e0s 17h, na Avenida Garibaldi Campinhos 169, no bairro Vitorino Braga, antiga sede da Defesa Civil.<\/p>\n<p>Confira o site do Vagou JF\u00a0<strong><a href=\"https:\/\/www.pjf.mg.gov.br\/vagoujf\/\">aqui<\/a><\/strong>.<\/p>\n","protected":false},"excerpt":{"rendered":"<p>Segundo informa\u00e7\u00f5es do site da Prefeitura de Juiz de Fora (PJF), desde o \u00faltimo m\u00eas, a Casa da Mulher atua em parceria com a Secretaria de Desenvolvimento Sustent\u00e1vel e Inclusivo, da Inova\u00e7\u00e3o e Competitividade (Sedic) da Prefeitura de Juiz de Fora (PJF) em um projeto para auxiliar as mulheres atendidas pela Institui\u00e7\u00e3o na busca por [&hellip;]<\/p>\n","protected":false},"author":246,"featured_media":204753,"comment_status":"closed","ping_status":"closed","sticky":false,"template":"","format":"standard","meta":{"footnotes":""},"categories":[253,436,439],"tags":[],"class_list":["post-204752","post","type-post","status-publish","format-standard","has-post-thumbnail","hentry","category-cidade","category-destaque-da-semana","category-ultima-hora"],"_links":{"self":[{"href":"https:\/\/diarioregionaldigital.com.br\/index.php?rest_route=\/wp\/v2\/posts\/204752","targetHints":{"allow":["GET"]}}],"collection":[{"href":"https:\/\/diarioregionaldigital.com.br\/index.php?rest_route=\/wp\/v2\/posts"}],"about":[{"href":"https:\/\/diarioregionaldigital.com.br\/index.php?rest_route=\/wp\/v2\/types\/post"}],"author":[{"embeddable":true,"href":"https:\/\/diarioregionaldigital.com.br\/index.php?rest_route=\/wp\/v2\/users\/246"}],"replies":[{"embeddable":true,"href":"https:\/\/diarioregionaldigital.com.br\/index.php?rest_route=%2Fwp%2Fv2%2Fcomments&post=204752"}],"version-history":[{"count":1,"href":"https:\/\/diarioregionaldigital.com.br\/index.php?rest_route=\/wp\/v2\/posts\/204752\/revisions"}],"predecessor-version":[{"id":204754,"href":"https:\/\/diarioregionaldigital.com.br\/index.php?rest_route=\/wp\/v2\/posts\/204752\/revisions\/204754"}],"wp:featuredmedia":[{"embeddable":true,"href":"https:\/\/diarioregionaldigital.com.br\/index.php?rest_route=\/wp\/v2\/media\/204753"}],"wp:attachment":[{"href":"https:\/\/diarioregionaldigital.com.br\/index.php?rest_route=%2Fwp%2Fv2%2Fmedia&parent=204752"}],"wp:term":[{"taxonomy":"category","embeddable":true,"href":"https:\/\/diarioregionaldigital.com.br\/index.php?rest_route=%2Fwp%2Fv2%2Fcategories&post=204752"},{"taxonomy":"post_tag","embeddable":true,"href":"https:\/\/diarioregionaldigital.com.br\/index.php?rest_route=%2Fwp%2Fv2%2Ftags&post=204752"}],"curies":[{"name":"wp","href":"https:\/\/api.w.org\/{rel}","templated":true}]}}