{"id":204749,"date":"2022-09-26T21:03:43","date_gmt":"2022-09-27T00:03:43","guid":{"rendered":"https:\/\/diarioregionaldigital.com.br\/?p=204749"},"modified":"2022-09-26T21:03:43","modified_gmt":"2022-09-27T00:03:43","slug":"com-vacinacao-e-oficinas-sao-pedro-recebe-role-da-cidadania-promovido-pela-pjf","status":"publish","type":"post","link":"https:\/\/diarioregionaldigital.com.br\/?p=204749","title":{"rendered":"Com vacina\u00e7\u00e3o e oficinas, S\u00e3o Pedro recebe \u201cRol\u00ea da Cidadania\u201d promovido pela PJF"},"content":{"rendered":"<p>Segundo informa\u00e7\u00f5es do site da Prefeitura de Juiz de Fora (PJF), na \u00faltima sexta-feira, 23, a Prefeitura de Juiz de Fora (PJF) levou a terceira edi\u00e7\u00e3o do \u201cRol\u00ea da Cidadania\u201d ao bairro S\u00e3o Pedro. A sede do evento foi a Escola Municipal Presidente Tancredo Neves, que contou com atividades como oficinas, brincadeiras e vacina\u00e7\u00e3o.<\/p>\n<p>Brinquedos infl\u00e1veis, palha\u00e7aria, doa\u00e7\u00e3o de mudas e bancadas de tira d\u00favidas com setores da Secretaria de Governo foram algumas das atra\u00e7\u00f5es do \u201cRol\u00ea\u201d, al\u00e9m das oficinas de educa\u00e7\u00e3o alimentar e de cultura.<\/p>\n<p>Para garantir a imuniza\u00e7\u00e3o, a Prefeitura disponibilizou vacinas contra Covid-19 e contra Influenza, assim como garantiu a vacina\u00e7\u00e3o contra a raiva para os animais de estima\u00e7\u00e3o.<\/p>\n<p>O \u201cRol\u00ea da Cidadania\u201d \u00e9 uma a\u00e7\u00e3o da PJF que tem como objetivo levar a\u00e7\u00f5es culturais e recreativas, atendimentos sociais e servi\u00e7os para a popula\u00e7\u00e3o de Juiz de Fora.<\/p>\n","protected":false},"excerpt":{"rendered":"<p>Segundo informa\u00e7\u00f5es do site da Prefeitura de Juiz de Fora (PJF), na \u00faltima sexta-feira, 23, a Prefeitura de Juiz de Fora (PJF) levou a terceira edi\u00e7\u00e3o do \u201cRol\u00ea da Cidadania\u201d ao bairro S\u00e3o Pedro. A sede do evento foi a Escola Municipal Presidente Tancredo Neves, que contou com atividades como oficinas, brincadeiras e vacina\u00e7\u00e3o. Brinquedos [&hellip;]<\/p>\n","protected":false},"author":246,"featured_media":204750,"comment_status":"closed","ping_status":"closed","sticky":false,"template":"","format":"standard","meta":{"footnotes":""},"categories":[253,436,439],"tags":[],"class_list":["post-204749","post","type-post","status-publish","format-standard","has-post-thumbnail","hentry","category-cidade","category-destaque-da-semana","category-ultima-hora"],"_links":{"self":[{"href":"https:\/\/diarioregionaldigital.com.br\/index.php?rest_route=\/wp\/v2\/posts\/204749","targetHints":{"allow":["GET"]}}],"collection":[{"href":"https:\/\/diarioregionaldigital.com.br\/index.php?rest_route=\/wp\/v2\/posts"}],"about":[{"href":"https:\/\/diarioregionaldigital.com.br\/index.php?rest_route=\/wp\/v2\/types\/post"}],"author":[{"embeddable":true,"href":"https:\/\/diarioregionaldigital.com.br\/index.php?rest_route=\/wp\/v2\/users\/246"}],"replies":[{"embeddable":true,"href":"https:\/\/diarioregionaldigital.com.br\/index.php?rest_route=%2Fwp%2Fv2%2Fcomments&post=204749"}],"version-history":[{"count":1,"href":"https:\/\/diarioregionaldigital.com.br\/index.php?rest_route=\/wp\/v2\/posts\/204749\/revisions"}],"predecessor-version":[{"id":204751,"href":"https:\/\/diarioregionaldigital.com.br\/index.php?rest_route=\/wp\/v2\/posts\/204749\/revisions\/204751"}],"wp:featuredmedia":[{"embeddable":true,"href":"https:\/\/diarioregionaldigital.com.br\/index.php?rest_route=\/wp\/v2\/media\/204750"}],"wp:attachment":[{"href":"https:\/\/diarioregionaldigital.com.br\/index.php?rest_route=%2Fwp%2Fv2%2Fmedia&parent=204749"}],"wp:term":[{"taxonomy":"category","embeddable":true,"href":"https:\/\/diarioregionaldigital.com.br\/index.php?rest_route=%2Fwp%2Fv2%2Fcategories&post=204749"},{"taxonomy":"post_tag","embeddable":true,"href":"https:\/\/diarioregionaldigital.com.br\/index.php?rest_route=%2Fwp%2Fv2%2Ftags&post=204749"}],"curies":[{"name":"wp","href":"https:\/\/api.w.org\/{rel}","templated":true}]}}