{"id":204743,"date":"2022-09-26T20:58:17","date_gmt":"2022-09-26T23:58:17","guid":{"rendered":"https:\/\/diarioregionaldigital.com.br\/?p=204743"},"modified":"2022-09-26T20:58:17","modified_gmt":"2022-09-26T23:58:17","slug":"com-iniciativa-da-comunidade-praca-quente-pra-toda-gente-acontece-no-bairro-grama","status":"publish","type":"post","link":"https:\/\/diarioregionaldigital.com.br\/?p=204743","title":{"rendered":"Com iniciativa da comunidade, \u201cPra\u00e7a Quente Pra Toda Gente\u201d acontece no bairro Grama"},"content":{"rendered":"<p>Segundo informa\u00e7\u00f5es do site da Prefeitura de Juiz de Fora (PJF), no \u00faltimo domingo, 25,\u00a0 o bairro Grama recebeu o projeto \u201cPra\u00e7a Quente Pra Toda Gente\u201d na pra\u00e7a \u00c1ureo Carneiro Gomes. A segunda edi\u00e7\u00e3o do evento no bairro contou com a iniciativa dos moradores. Das 8h \u00e0s 18h, a comunidade p\u00f4de curtir diversas atividades recreativas e culturais promovidas pela Prefeitura de Juiz de Fora (PJF).<\/p>\n<div id=\"box_texto_noticia\">\n<p>A Prefeitura compareceu ao evento, das 8h \u00e0s 12h, levando brinquedos e brincadeiras como cama el\u00e1stica, tobog\u00e3, sinucas e ping-pong. A Secretaria de\u00a0 Esporte e Lazer (SEL) tamb\u00e9m acompanhou o encontro, com monitores da a\u00e7\u00e3o do JF Lazer, e a\u00a0 Funda\u00e7\u00e3o Cultural Alfredo Ferreira Lage (Funalfa) levou oficinas para as crian\u00e7as com pinturas e desenhos.<\/p>\n<p>O evento contou com feirantes da comunidade e de bairros pr\u00f3ximos expondo e vendendo roupas, acess\u00f3rios, artesanatos e alimentos como queijos, biscoitos, bolos e churrasco. Junto com a feira, tamb\u00e9m teve escova\u00e7\u00e3o e entrega de escovas de dente. A dentista respons\u00e1vel pela a\u00e7\u00e3o, Arilda Christina de Oliveira, destacou: \u201cN\u00f3s trabalhamos na comunidade desde 1993, ent\u00e3o foi sempre um sonho ver essa pra\u00e7a movimentada e essa foi a forma de demonstrar e agradecer essa comunidade que sempre nos acolheu: fazendo a orienta\u00e7\u00e3o de escova\u00e7\u00e3o e fazendo a entrega de escovas\u201d, afirmou.<\/p>\n<p>O intuito do projeto, que integra o programa Boniteza, \u00e9 incentivar a popula\u00e7\u00e3o a adotar os espa\u00e7os p\u00fablicos de seus bairros para trazer atividades recreativas, esportivas, culturais e educacionais para a comunidade. O \u201cPra\u00e7a Quente Pra Toda Gente\u201d j\u00e1 chegou nas pra\u00e7as Senador Teot\u00f4nio Vilela, no bairro Vitorino Braga; na Pra\u00e7a do Ipiranga, em Ipiranga; al\u00e9m da \u00c1ureo Carneiro Gomes, em Grama.<\/p>\n<p>A supervisora do Centro de Refer\u00eancia de Assist\u00eancia Social (Cras) Nordeste, Lenita Moreira Barros, explicou sobre a participa\u00e7\u00e3o do Cras do projeto. \u201cPercebemos o quanto a comunidade vem se fortalecendo e, de fato, se apropriando desse espa\u00e7o. A comunidade adotou a ideia e, com o direcionamento da Prefeitura, est\u00e1 se mobilizando. Essa \u00e9 a proposta e est\u00e1 dando certo\u201d, afirmou.<\/p>\n<p><strong>Programa Boniteza<\/strong><\/p>\n<p>Coordenado pela Secretaria de Governo (SG), o Programa Boniteza \u00e9 desenvolvido atrav\u00e9s de uma a\u00e7\u00e3o integrada entre Secretaria de Assist\u00eancia Social (SAS); Secretaria de Agricultura Pecu\u00e1ria e Abastecimento (Seapa); Companhia de Saneamento Municipal (Cesama); Secretaria de Comunica\u00e7\u00e3o Social (Secom); Departamento Municipal de Limpeza Urbana (Demlurb);\u00a0 Secretaria de Desenvolvimento Sustent\u00e1vel e Inclusivo, da Inova\u00e7\u00e3o e Competitividade (Sedic); Empresa Municipal de Pavimenta\u00e7\u00e3o e Urbaniza\u00e7\u00e3o (Empav); Secretaria de Educa\u00e7\u00e3o (SE); Secretaria Especial de Direitos Humanos (SEDH); Secretaria de Esporte e Lazer (SEL); Funda\u00e7\u00e3o Cultural Alfredo Ferreira Lage (Funalfa); Secretaria da Fazenda (SF); Secretaria de Mobilidade Urbana (SMU); Secretaria de Obras (SO); Secretaria de Planejamento Urbano (Sepur); Secretaria de Planejamento do Territ\u00f3rio e Participa\u00e7\u00e3o Popular (Seppop); Secretaria de Sustentabilidade em Meio Ambiente e Atividades Urbanas (Sesmaur); Secretaria de Seguran\u00e7a Urbana e Cidadania (Sesuc); Secretaria de Sa\u00fade (SS); Secretaria de Turismo (Setur); e Secretaria de Transforma\u00e7\u00e3o Digital e Administrativa (STDA).<\/p>\n<\/div>\n<p>&nbsp;<\/p>\n<div id=\"box_compartilhar\" align=\"right\"><\/div>\n","protected":false},"excerpt":{"rendered":"<p>Segundo informa\u00e7\u00f5es do site da Prefeitura de Juiz de Fora (PJF), no \u00faltimo domingo, 25,\u00a0 o bairro Grama recebeu o projeto \u201cPra\u00e7a Quente Pra Toda Gente\u201d na pra\u00e7a \u00c1ureo Carneiro Gomes. A segunda edi\u00e7\u00e3o do evento no bairro contou com a iniciativa dos moradores. Das 8h \u00e0s 18h, a comunidade p\u00f4de curtir diversas atividades recreativas [&hellip;]<\/p>\n","protected":false},"author":246,"featured_media":204744,"comment_status":"closed","ping_status":"closed","sticky":false,"template":"","format":"standard","meta":{"footnotes":""},"categories":[253,436,440,439],"tags":[],"class_list":["post-204743","post","type-post","status-publish","format-standard","has-post-thumbnail","hentry","category-cidade","category-destaque-da-semana","category-destaques-do-dia","category-ultima-hora"],"_links":{"self":[{"href":"https:\/\/diarioregionaldigital.com.br\/index.php?rest_route=\/wp\/v2\/posts\/204743","targetHints":{"allow":["GET"]}}],"collection":[{"href":"https:\/\/diarioregionaldigital.com.br\/index.php?rest_route=\/wp\/v2\/posts"}],"about":[{"href":"https:\/\/diarioregionaldigital.com.br\/index.php?rest_route=\/wp\/v2\/types\/post"}],"author":[{"embeddable":true,"href":"https:\/\/diarioregionaldigital.com.br\/index.php?rest_route=\/wp\/v2\/users\/246"}],"replies":[{"embeddable":true,"href":"https:\/\/diarioregionaldigital.com.br\/index.php?rest_route=%2Fwp%2Fv2%2Fcomments&post=204743"}],"version-history":[{"count":1,"href":"https:\/\/diarioregionaldigital.com.br\/index.php?rest_route=\/wp\/v2\/posts\/204743\/revisions"}],"predecessor-version":[{"id":204745,"href":"https:\/\/diarioregionaldigital.com.br\/index.php?rest_route=\/wp\/v2\/posts\/204743\/revisions\/204745"}],"wp:featuredmedia":[{"embeddable":true,"href":"https:\/\/diarioregionaldigital.com.br\/index.php?rest_route=\/wp\/v2\/media\/204744"}],"wp:attachment":[{"href":"https:\/\/diarioregionaldigital.com.br\/index.php?rest_route=%2Fwp%2Fv2%2Fmedia&parent=204743"}],"wp:term":[{"taxonomy":"category","embeddable":true,"href":"https:\/\/diarioregionaldigital.com.br\/index.php?rest_route=%2Fwp%2Fv2%2Fcategories&post=204743"},{"taxonomy":"post_tag","embeddable":true,"href":"https:\/\/diarioregionaldigital.com.br\/index.php?rest_route=%2Fwp%2Fv2%2Ftags&post=204743"}],"curies":[{"name":"wp","href":"https:\/\/api.w.org\/{rel}","templated":true}]}}