{"id":204736,"date":"2022-09-26T20:46:10","date_gmt":"2022-09-26T23:46:10","guid":{"rendered":"https:\/\/diarioregionaldigital.com.br\/?p=204736"},"modified":"2022-09-26T20:46:10","modified_gmt":"2022-09-26T23:46:10","slug":"brasileiro-sao-paulo-goleia-avai-por-4-a-0-no-morumbi","status":"publish","type":"post","link":"https:\/\/diarioregionaldigital.com.br\/?p=204736","title":{"rendered":"Brasileiro: S\u00e3o Paulo goleia Ava\u00ed por 4 a 0 no Morumbi"},"content":{"rendered":"<p>Na \u00fanica partida do Campeonato Brasileiro disputada neste final de semana, o S\u00e3o Paulo goleou o Ava\u00ed por 4 a 0, na noite deste domingo (25) no est\u00e1dio do Morumbi, e ganhou confian\u00e7a para a disputa da decis\u00e3o da Copa Sul-Americana, no pr\u00f3ximo s\u00e1bado (1\u00ba de outubro) contra o Independiente Del Valle (Equador).<img decoding=\"async\" src=\"https:\/\/agenciabrasil.ebc.com.br\/ebc.png?id=1484273&amp;o=node\" \/><img decoding=\"async\" src=\"https:\/\/agenciabrasil.ebc.com.br\/ebc.gif?id=1484273&amp;o=node\" \/><\/p>\n<p>Al\u00e9m disso, a equipe comandada pelo t\u00e9cnico Rog\u00e9rio Ceni alcan\u00e7ou os 37 pontos, subindo para a 10\u00aa posi\u00e7\u00e3o da classifica\u00e7\u00e3o, se afastando da zona do rebaixamento, onde o Le\u00e3o da Ilha permanece com 28 pontos, na 17\u00aa posi\u00e7\u00e3o.<\/p>\n<p>Contando com o apoio de mais de 36 mil torcedores o S\u00e3o Paulo n\u00e3o teve dificuldades de dominar a partida e construir uma vantagem de tr\u00eas gols na etapa inicial. O primeiro a superar o goleiro Gl\u00e9dson foi o zagueiro Diego Costa, em finaliza\u00e7\u00e3o de cabe\u00e7a aos 24 minutos. J\u00e1 aos 47, Rodrigo Nestor cruzou rasteiro para Luciano, que, de carrinho, n\u00e3o perdoou. Tr\u00eas minutos depois a bola foi levantada na \u00e1rea do Ava\u00ed em cobran\u00e7a de escanteio e Patrick matou no peito antes de acertar um lindo voleio.<\/p>\n<p>Na etapa final Rog\u00e9rio Ceni come\u00e7ou a poupar algumas pe\u00e7as pensando na decis\u00e3o do pr\u00f3ximo final de semana. Mas o Tricolor continuou melhor e deu n\u00fameros finais ao placar, j\u00e1 aos 47 da etapa final, com Eder, que entrou na vaga do argentino Calleri.<\/p>\n<p><span style=\"font-weight: 400;\"><br \/>\n<\/span><span style=\"font-weight: 400;\">Fonte: Ag\u00eancia Brasil <\/span><\/p>\n","protected":false},"excerpt":{"rendered":"<p>Na \u00fanica partida do Campeonato Brasileiro disputada neste final de semana, o S\u00e3o Paulo goleou o Ava\u00ed por 4 a 0, na noite deste domingo (25) no est\u00e1dio do Morumbi, e ganhou confian\u00e7a para a disputa da decis\u00e3o da Copa Sul-Americana, no pr\u00f3ximo s\u00e1bado (1\u00ba de outubro) contra o Independiente Del Valle (Equador). Al\u00e9m disso, [&hellip;]<\/p>\n","protected":false},"author":246,"featured_media":204737,"comment_status":"closed","ping_status":"closed","sticky":false,"template":"","format":"standard","meta":{"footnotes":""},"categories":[436,257,439],"tags":[],"class_list":["post-204736","post","type-post","status-publish","format-standard","has-post-thumbnail","hentry","category-destaque-da-semana","category-esporte","category-ultima-hora"],"_links":{"self":[{"href":"https:\/\/diarioregionaldigital.com.br\/index.php?rest_route=\/wp\/v2\/posts\/204736","targetHints":{"allow":["GET"]}}],"collection":[{"href":"https:\/\/diarioregionaldigital.com.br\/index.php?rest_route=\/wp\/v2\/posts"}],"about":[{"href":"https:\/\/diarioregionaldigital.com.br\/index.php?rest_route=\/wp\/v2\/types\/post"}],"author":[{"embeddable":true,"href":"https:\/\/diarioregionaldigital.com.br\/index.php?rest_route=\/wp\/v2\/users\/246"}],"replies":[{"embeddable":true,"href":"https:\/\/diarioregionaldigital.com.br\/index.php?rest_route=%2Fwp%2Fv2%2Fcomments&post=204736"}],"version-history":[{"count":1,"href":"https:\/\/diarioregionaldigital.com.br\/index.php?rest_route=\/wp\/v2\/posts\/204736\/revisions"}],"predecessor-version":[{"id":204738,"href":"https:\/\/diarioregionaldigital.com.br\/index.php?rest_route=\/wp\/v2\/posts\/204736\/revisions\/204738"}],"wp:featuredmedia":[{"embeddable":true,"href":"https:\/\/diarioregionaldigital.com.br\/index.php?rest_route=\/wp\/v2\/media\/204737"}],"wp:attachment":[{"href":"https:\/\/diarioregionaldigital.com.br\/index.php?rest_route=%2Fwp%2Fv2%2Fmedia&parent=204736"}],"wp:term":[{"taxonomy":"category","embeddable":true,"href":"https:\/\/diarioregionaldigital.com.br\/index.php?rest_route=%2Fwp%2Fv2%2Fcategories&post=204736"},{"taxonomy":"post_tag","embeddable":true,"href":"https:\/\/diarioregionaldigital.com.br\/index.php?rest_route=%2Fwp%2Fv2%2Ftags&post=204736"}],"curies":[{"name":"wp","href":"https:\/\/api.w.org\/{rel}","templated":true}]}}