{"id":204733,"date":"2022-09-26T20:43:23","date_gmt":"2022-09-26T23:43:23","guid":{"rendered":"https:\/\/diarioregionaldigital.com.br\/?p=204733"},"modified":"2022-09-26T20:43:23","modified_gmt":"2022-09-26T23:43:23","slug":"cpb-promove-festival-paralimpico-em-98-cidades-do-brasil","status":"publish","type":"post","link":"https:\/\/diarioregionaldigital.com.br\/?p=204733","title":{"rendered":"CPB promove Festival Paral\u00edmpico em 98 cidades do Brasil"},"content":{"rendered":"<p>O Comit\u00ea Paral\u00edmpico Brasileiro (CPB) promoveu, neste domingo (25) em 98 cidades do Brasil, a 4\u00aa edi\u00e7\u00e3o do Festival Paral\u00edmpico, evento que tem o objetivo de difundir o Movimento Paral\u00edmpico (por meio de atividades recreativas e l\u00fadicas que simularam modalidades paral\u00edmpicas).<img decoding=\"async\" src=\"https:\/\/agenciabrasil.ebc.com.br\/ebc.png?id=1484267&amp;o=node\" \/><img decoding=\"async\" src=\"https:\/\/agenciabrasil.ebc.com.br\/ebc.gif?id=1484267&amp;o=node\" \/><\/p>\n<p>Em cada um dos locais que sediaram o Festival Paral\u00edmpico, os participantes tiveram a oportunidade de experimentar tr\u00eas pr\u00e1ticas esportivas. J\u00e1 as crian\u00e7as puderam ter experimenta\u00e7\u00f5es com goalball, v\u00f4lei sentado, canoa havaiana, surfe adaptado, r\u00fagbi, tiro com arco, entre outros esportes adaptados.<\/p>\n<p>\u201cO Festival Paral\u00edmpico representa a ess\u00eancia do esporte. Promovemos a intera\u00e7\u00e3o entre 15 mil crian\u00e7as, com e sem defici\u00eancias, em 98 cidades do pa\u00eds. E tenho certeza de que muitos desses participantes se tornar\u00e3o atletas de alto rendimento no futuro, a partir dessa inclus\u00e3o e inicia\u00e7\u00e3o feitas pelo CPB&#8221;, declarou o Presidente do CPB, Mizael Conrado.<\/p>\n<p>O maior movimento dia foi no Centro de Treinamento Paral\u00edmpico, em S\u00e3o Paulo, que teve cerca de mil inscritos em atividades que simularam v\u00f4lei sentado, badminton e atletismo. Uma das presentes foi Let\u00edcia Barbosa, de 14 anos, que \u00e9 biamputada de pernas. \u201c\u00c9 muito gratificante ver crian\u00e7as com defici\u00eancias praticando esportes. Ent\u00e3o, \u00e9 muito importante ter um evento como esse. Pode ser o in\u00edcio de futuros atletas\u201d, declarou a jovem, que estuda na Escola Paral\u00edmpica de Esportes do CPB e pratica v\u00f4lei sentado desde 2021.<\/p>\n<p><span style=\"font-weight: 400;\">Fonte: Ag\u00eancia Brasil <\/span><\/p>\n","protected":false},"excerpt":{"rendered":"<p>O Comit\u00ea Paral\u00edmpico Brasileiro (CPB) promoveu, neste domingo (25) em 98 cidades do Brasil, a 4\u00aa edi\u00e7\u00e3o do Festival Paral\u00edmpico, evento que tem o objetivo de difundir o Movimento Paral\u00edmpico (por meio de atividades recreativas e l\u00fadicas que simularam modalidades paral\u00edmpicas). Em cada um dos locais que sediaram o Festival Paral\u00edmpico, os participantes tiveram a [&hellip;]<\/p>\n","protected":false},"author":246,"featured_media":204734,"comment_status":"closed","ping_status":"closed","sticky":false,"template":"","format":"standard","meta":{"footnotes":""},"categories":[436,257,439],"tags":[],"class_list":["post-204733","post","type-post","status-publish","format-standard","has-post-thumbnail","hentry","category-destaque-da-semana","category-esporte","category-ultima-hora"],"_links":{"self":[{"href":"https:\/\/diarioregionaldigital.com.br\/index.php?rest_route=\/wp\/v2\/posts\/204733","targetHints":{"allow":["GET"]}}],"collection":[{"href":"https:\/\/diarioregionaldigital.com.br\/index.php?rest_route=\/wp\/v2\/posts"}],"about":[{"href":"https:\/\/diarioregionaldigital.com.br\/index.php?rest_route=\/wp\/v2\/types\/post"}],"author":[{"embeddable":true,"href":"https:\/\/diarioregionaldigital.com.br\/index.php?rest_route=\/wp\/v2\/users\/246"}],"replies":[{"embeddable":true,"href":"https:\/\/diarioregionaldigital.com.br\/index.php?rest_route=%2Fwp%2Fv2%2Fcomments&post=204733"}],"version-history":[{"count":1,"href":"https:\/\/diarioregionaldigital.com.br\/index.php?rest_route=\/wp\/v2\/posts\/204733\/revisions"}],"predecessor-version":[{"id":204735,"href":"https:\/\/diarioregionaldigital.com.br\/index.php?rest_route=\/wp\/v2\/posts\/204733\/revisions\/204735"}],"wp:featuredmedia":[{"embeddable":true,"href":"https:\/\/diarioregionaldigital.com.br\/index.php?rest_route=\/wp\/v2\/media\/204734"}],"wp:attachment":[{"href":"https:\/\/diarioregionaldigital.com.br\/index.php?rest_route=%2Fwp%2Fv2%2Fmedia&parent=204733"}],"wp:term":[{"taxonomy":"category","embeddable":true,"href":"https:\/\/diarioregionaldigital.com.br\/index.php?rest_route=%2Fwp%2Fv2%2Fcategories&post=204733"},{"taxonomy":"post_tag","embeddable":true,"href":"https:\/\/diarioregionaldigital.com.br\/index.php?rest_route=%2Fwp%2Fv2%2Ftags&post=204733"}],"curies":[{"name":"wp","href":"https:\/\/api.w.org\/{rel}","templated":true}]}}