{"id":204723,"date":"2022-09-26T20:27:02","date_gmt":"2022-09-26T23:27:02","guid":{"rendered":"https:\/\/diarioregionaldigital.com.br\/?p=204723"},"modified":"2022-09-26T20:27:02","modified_gmt":"2022-09-26T23:27:02","slug":"ciro-gomes-diz-que-seguira-com-candidatura-ate-o-fim-do-pleito","status":"publish","type":"post","link":"https:\/\/diarioregionaldigital.com.br\/?p=204723","title":{"rendered":"Ciro Gomes diz que seguir\u00e1 com candidatura at\u00e9 o fim do pleito"},"content":{"rendered":"<p>O candidato do PDT \u00e0 Presid\u00eancia da Rep\u00fablica, Ciro Gomes, disse\u00a0<span id=\"OBJ_PREFIX_DWT825_com_zimbra_date\" role=\"link\"><span id=\"OBJ_PREFIX_DWT827_com_zimbra_date\" role=\"link\">hoje<\/span><\/span>\u00a0(26) que seguir\u00e1 com sua candidatura at\u00e9 o fim do pleito e criticou as campanhas pelo chamado voto \u00fatil. Ele fez a declara\u00e7\u00e3o no comit\u00ea central da campanha, em S\u00e3o Paulo, com transmiss\u00e3o pelas redes sociais.<img decoding=\"async\" src=\"https:\/\/agenciabrasil.ebc.com.br\/ebc.png?id=1484312&amp;o=node\" \/><img decoding=\"async\" src=\"https:\/\/agenciabrasil.ebc.com.br\/ebc.gif?id=1484312&amp;o=node\" \/><\/p>\n<p>\u201cNada deter\u00e1 a minha disposi\u00e7\u00e3o de seguir em frente a empunhar a bandeira do novo projeto nacional de desenvolvimento e, tamb\u00e9m, a denunciar os corruptos, farsantes e demagogos que tentam ludibriar a f\u00e9 popular com suas falsas promessas\u201d, disse. \u201cMinha candidatura est\u00e1 de p\u00e9 para defender o Brasil em qualquer circunst\u00e2ncia. E meu nome continua posto, como firme e leg\u00edtima op\u00e7\u00e3o, para livrar o pa\u00eds de um presente covarde e de um futuro amedrontador\u201d, completou.<\/p>\n<p>Na semana passada, intelectuais e pol\u00edticos latino-americanos divulgaram uma carta pedindo a desist\u00eancia de Ciro Gomes. O objetivo \u00e9 refor\u00e7ar o voto \u00fatil, ainda no primeiro turno. No chamado voto \u00fatil, o eleitor entende que, ao votar em determinado candidato que n\u00e3o lidera as pesquisas, pode estar desperdi\u00e7ando seu voto, ent\u00e3o, acaba votando em algu\u00e9m com mais chances de ganhar.<\/p>\n<p>Ciro criticou o que classificou como polariza\u00e7\u00e3o da campanha eleitoral. \u201cPara eliminar, na raiz, a diversidade do embate democr\u00e1tico, tentam transform\u00e1-lo, de forma artificial e prematura, no embate de duas for\u00e7as que utilizam falsos argumentos morais para se tornarem hegem\u00f4nicas\u201d, disse. \u201cAs m\u00e1quinas poderosas do lulismo e do bolsonarismo est\u00e3o conseguindo ludibriar a percep\u00e7\u00e3o popular, passando a falsa ideia de que apenas um pode derrotar o outro\u201d, destacou.<\/p>\n<p>Para o pedetista, o argumento do voto \u00fatil priva os cidad\u00e3os do direito de expressar a pluralidade de ideias e valores da sociedade. \u201cNa reta final da campanha mais vazia da hist\u00f3ria, embalam tudo no falso argumento do voto \u00fatil. Com essa prega\u00e7\u00e3o, querem eliminar a liberdade das pessoas de votarem no regime de dois turnos, primeiro no candidato que mais representa seus valores e, se for o caso, de optarem depois por aqueles que mais se aproximem de suas ideias\u201d, disse.<\/p>\n<p>O primeiro turno das elei\u00e7\u00f5es deste ano ser\u00e3o no pr\u00f3ximo\u00a0<span id=\"OBJ_PREFIX_DWT828_com_zimbra_date\" role=\"link\">domingo<\/span>\u00a0(2) e o segundo, em\u00a0<span id=\"OBJ_PREFIX_DWT826_com_zimbra_date\" role=\"link\"><span id=\"OBJ_PREFIX_DWT829_com_zimbra_date\" role=\"link\">30 de outubro<\/span><\/span>.<\/p>\n<p><span style=\"font-weight: 400;\">Fonte: Ag\u00eancia Brasil <\/span><\/p>\n","protected":false},"excerpt":{"rendered":"<p>O candidato do PDT \u00e0 Presid\u00eancia da Rep\u00fablica, Ciro Gomes, disse\u00a0hoje\u00a0(26) que seguir\u00e1 com sua candidatura at\u00e9 o fim do pleito e criticou as campanhas pelo chamado voto \u00fatil. Ele fez a declara\u00e7\u00e3o no comit\u00ea central da campanha, em S\u00e3o Paulo, com transmiss\u00e3o pelas redes sociais. \u201cNada deter\u00e1 a minha disposi\u00e7\u00e3o de seguir em frente [&hellip;]<\/p>\n","protected":false},"author":246,"featured_media":204724,"comment_status":"closed","ping_status":"closed","sticky":false,"template":"","format":"standard","meta":{"footnotes":""},"categories":[436,254,439],"tags":[],"class_list":["post-204723","post","type-post","status-publish","format-standard","has-post-thumbnail","hentry","category-destaque-da-semana","category-politica","category-ultima-hora"],"_links":{"self":[{"href":"https:\/\/diarioregionaldigital.com.br\/index.php?rest_route=\/wp\/v2\/posts\/204723","targetHints":{"allow":["GET"]}}],"collection":[{"href":"https:\/\/diarioregionaldigital.com.br\/index.php?rest_route=\/wp\/v2\/posts"}],"about":[{"href":"https:\/\/diarioregionaldigital.com.br\/index.php?rest_route=\/wp\/v2\/types\/post"}],"author":[{"embeddable":true,"href":"https:\/\/diarioregionaldigital.com.br\/index.php?rest_route=\/wp\/v2\/users\/246"}],"replies":[{"embeddable":true,"href":"https:\/\/diarioregionaldigital.com.br\/index.php?rest_route=%2Fwp%2Fv2%2Fcomments&post=204723"}],"version-history":[{"count":2,"href":"https:\/\/diarioregionaldigital.com.br\/index.php?rest_route=\/wp\/v2\/posts\/204723\/revisions"}],"predecessor-version":[{"id":204726,"href":"https:\/\/diarioregionaldigital.com.br\/index.php?rest_route=\/wp\/v2\/posts\/204723\/revisions\/204726"}],"wp:featuredmedia":[{"embeddable":true,"href":"https:\/\/diarioregionaldigital.com.br\/index.php?rest_route=\/wp\/v2\/media\/204724"}],"wp:attachment":[{"href":"https:\/\/diarioregionaldigital.com.br\/index.php?rest_route=%2Fwp%2Fv2%2Fmedia&parent=204723"}],"wp:term":[{"taxonomy":"category","embeddable":true,"href":"https:\/\/diarioregionaldigital.com.br\/index.php?rest_route=%2Fwp%2Fv2%2Fcategories&post=204723"},{"taxonomy":"post_tag","embeddable":true,"href":"https:\/\/diarioregionaldigital.com.br\/index.php?rest_route=%2Fwp%2Fv2%2Ftags&post=204723"}],"curies":[{"name":"wp","href":"https:\/\/api.w.org\/{rel}","templated":true}]}}