{"id":204719,"date":"2022-09-26T20:23:55","date_gmt":"2022-09-26T23:23:55","guid":{"rendered":"https:\/\/diarioregionaldigital.com.br\/?p=204719"},"modified":"2022-09-26T20:23:55","modified_gmt":"2022-09-26T23:23:55","slug":"presidente-jair-bolsonaro-recebe-missao-da-oea-que-observara-eleicoes","status":"publish","type":"post","link":"https:\/\/diarioregionaldigital.com.br\/?p=204719","title":{"rendered":"Presidente Jair Bolsonaro recebe miss\u00e3o da OEA que observar\u00e1 elei\u00e7\u00f5es"},"content":{"rendered":"<p>O presidente Jair Bolsonaro recebeu hoje (26) integrantes da miss\u00e3o da Organiza\u00e7\u00e3o dos Estados Americanos (OEA) que observar\u00e1 as elei\u00e7\u00f5es no Brasil. A delega\u00e7\u00e3o \u00e9 chefiada pelo ex-chanceler do Paraguai, Rub\u00e9n Ram\u00edrez Lezcano. &#8220;A nossa miss\u00e3o \u00e9 de observa\u00e7\u00e3o, no respeito da institucionalidade do Brasil, promovendo a participa\u00e7\u00e3o dos cidad\u00e3os brasileiros ao voto&#8221;, disse Lezcano ap\u00f3s a reuni\u00e3o no Pal\u00e1cio do Planalto.<img decoding=\"async\" src=\"https:\/\/agenciabrasil.ebc.com.br\/ebc.png?id=1484373&amp;o=node\" \/><img decoding=\"async\" src=\"https:\/\/agenciabrasil.ebc.com.br\/ebc.gif?id=1484373&amp;o=node\" \/><\/p>\n<p>Segundo ele, na agenda da delega\u00e7\u00e3o est\u00e3o encontros com os candidatos \u00e0 Presid\u00eancia, com representantes de partidos pol\u00edticos, de institui\u00e7\u00f5es do governo, como o Tribunal Superior Eleitoral, de organiza\u00e7\u00f5es da sociedade civil e observadores locais. O resultado desses encontros, somados \u00e0 observa\u00e7\u00e3o direta do pleito e \u00e0 an\u00e1lise dos regulamentos, ser\u00e3o apresentados pela OEA em relat\u00f3rio preliminar, com observa\u00e7\u00f5es e recomenda\u00e7\u00f5es sobre as elei\u00e7\u00f5es no pa\u00eds.<\/p>\n<p>Integrada por 55 especialistas e observadores de 17 nacionalidades, a miss\u00e3o estar\u00e1 presente no Distrito Federal e em 15 estados &#8211; Amazonas, Bahia, Cear\u00e1, Goi\u00e1s, Maranh\u00e3o, Minas Gerais, Par\u00e1, Para\u00edba, Paran\u00e1, Pernambuco, Piau\u00ed, Rio de Janeiro, Rio Grande do Sul, Santa Catarina, S\u00e3o Paulo. Al\u00e9m disso, no dia da elei\u00e7\u00e3o, integrantes da miss\u00e3o observar\u00e3o a vota\u00e7\u00e3o em tr\u00eas cidades no exterior: Porto, em Portugal, e Miami e Washington, nos Estados Unidos.<\/p>\n<p>A equipe conta com especialistas que ir\u00e3o monitorar aspectos diferentes das elei\u00e7\u00f5es, s\u00e3o eles: tecnologia e organiza\u00e7\u00e3o eleitoral, vota\u00e7\u00e3o no exterior, justi\u00e7a eleitoral, financiamento pol\u00edtico, campanhas e liberdade de express\u00e3o, participa\u00e7\u00e3o pol\u00edtica de mulheres, participa\u00e7\u00e3o de grupos ind\u00edgenas e afrodescendentes e viol\u00eancia eleitoral.<\/p>\n<p>Esta \u00e9 a terceira ocasi\u00e3o em que a OEA envia uma miss\u00e3o para observar os processos eleitorais no Brasil. O primeiro turno das elei\u00e7\u00f5es deste ano ser\u00e1 no pr\u00f3ximo domingo (2) e o segundo, em 30 de outubro. Ser\u00e3o escolhidos o presidente da Rep\u00fablica, governadores, senadores, deputados federais, estaduais e distritais.<\/p>\n<p><span style=\"font-weight: 400;\">Fonte: Ag\u00eancia Brasil <\/span><\/p>\n","protected":false},"excerpt":{"rendered":"<p>O presidente Jair Bolsonaro recebeu hoje (26) integrantes da miss\u00e3o da Organiza\u00e7\u00e3o dos Estados Americanos (OEA) que observar\u00e1 as elei\u00e7\u00f5es no Brasil. A delega\u00e7\u00e3o \u00e9 chefiada pelo ex-chanceler do Paraguai, Rub\u00e9n Ram\u00edrez Lezcano. &#8220;A nossa miss\u00e3o \u00e9 de observa\u00e7\u00e3o, no respeito da institucionalidade do Brasil, promovendo a participa\u00e7\u00e3o dos cidad\u00e3os brasileiros ao voto&#8221;, disse Lezcano [&hellip;]<\/p>\n","protected":false},"author":246,"featured_media":204720,"comment_status":"closed","ping_status":"closed","sticky":false,"template":"","format":"standard","meta":{"footnotes":""},"categories":[436,254,439],"tags":[],"class_list":["post-204719","post","type-post","status-publish","format-standard","has-post-thumbnail","hentry","category-destaque-da-semana","category-politica","category-ultima-hora"],"_links":{"self":[{"href":"https:\/\/diarioregionaldigital.com.br\/index.php?rest_route=\/wp\/v2\/posts\/204719","targetHints":{"allow":["GET"]}}],"collection":[{"href":"https:\/\/diarioregionaldigital.com.br\/index.php?rest_route=\/wp\/v2\/posts"}],"about":[{"href":"https:\/\/diarioregionaldigital.com.br\/index.php?rest_route=\/wp\/v2\/types\/post"}],"author":[{"embeddable":true,"href":"https:\/\/diarioregionaldigital.com.br\/index.php?rest_route=\/wp\/v2\/users\/246"}],"replies":[{"embeddable":true,"href":"https:\/\/diarioregionaldigital.com.br\/index.php?rest_route=%2Fwp%2Fv2%2Fcomments&post=204719"}],"version-history":[{"count":2,"href":"https:\/\/diarioregionaldigital.com.br\/index.php?rest_route=\/wp\/v2\/posts\/204719\/revisions"}],"predecessor-version":[{"id":204722,"href":"https:\/\/diarioregionaldigital.com.br\/index.php?rest_route=\/wp\/v2\/posts\/204719\/revisions\/204722"}],"wp:featuredmedia":[{"embeddable":true,"href":"https:\/\/diarioregionaldigital.com.br\/index.php?rest_route=\/wp\/v2\/media\/204720"}],"wp:attachment":[{"href":"https:\/\/diarioregionaldigital.com.br\/index.php?rest_route=%2Fwp%2Fv2%2Fmedia&parent=204719"}],"wp:term":[{"taxonomy":"category","embeddable":true,"href":"https:\/\/diarioregionaldigital.com.br\/index.php?rest_route=%2Fwp%2Fv2%2Fcategories&post=204719"},{"taxonomy":"post_tag","embeddable":true,"href":"https:\/\/diarioregionaldigital.com.br\/index.php?rest_route=%2Fwp%2Fv2%2Ftags&post=204719"}],"curies":[{"name":"wp","href":"https:\/\/api.w.org\/{rel}","templated":true}]}}