{"id":204716,"date":"2022-09-26T20:21:58","date_gmt":"2022-09-26T23:21:58","guid":{"rendered":"https:\/\/diarioregionaldigital.com.br\/?p=204716"},"modified":"2022-09-26T20:21:58","modified_gmt":"2022-09-26T23:21:58","slug":"na-reta-final-da-campanha-soraya-defende-reforma-tributaria","status":"publish","type":"post","link":"https:\/\/diarioregionaldigital.com.br\/?p=204716","title":{"rendered":"Na reta final da campanha, Soraya defende reforma tribut\u00e1ria"},"content":{"rendered":"<p>A candidata do Uni\u00e3o Brasil \u00e0 Presid\u00eancia da Rep\u00fablica, Soraya Thronicke, voltou a defender hoje (26) uma proposta de reforma tribut\u00e1ria que prev\u00ea reduzir a um \u00fanico tributo todos os impostos federais. A candidata disse que usar\u00e1 a \u00faltima semana antes do primeiro turno para continuar a apresentar propostas de governo.<img decoding=\"async\" src=\"https:\/\/agenciabrasil.ebc.com.br\/ebc.png?id=1484424&amp;o=node\" \/><img decoding=\"async\" src=\"https:\/\/agenciabrasil.ebc.com.br\/ebc.gif?id=1484424&amp;o=node\" \/><\/p>\n<p>\u201cA reforma tribut\u00e1ria \u00e9 a m\u00e3e de todas as reformas e, por isso, \u00e9 o maior objetivo nosso, do nosso projeto de governo. Nesse momento final, na reta final, n\u00f3s queremos sim \u00e9 colocar propostas porque \u00e9 disso que o brasileiro est\u00e1 sedento\u201d, escreveu nas redes sociais.<\/p>\n<p>A candidata destacou ainda que o pa\u00eds precisa de comida, justi\u00e7a e esperan\u00e7a. \u201cO brasileiro hoje n\u00e3o tem fome apenas de comida n\u00e3o, tem fome de justi\u00e7a e fome de esperan\u00e7a\u201d, disse.<\/p>\n<p>Nesta segunda-feira, Soraya Thronicke participou durante a manh\u00e3 de uma caminhada com apoiadores no centro de Jundia\u00ed (SP).<\/p>\n<p><span style=\"font-weight: 400;\">Fonte: Ag\u00eancia Brasil <\/span><\/p>\n","protected":false},"excerpt":{"rendered":"<p>A candidata do Uni\u00e3o Brasil \u00e0 Presid\u00eancia da Rep\u00fablica, Soraya Thronicke, voltou a defender hoje (26) uma proposta de reforma tribut\u00e1ria que prev\u00ea reduzir a um \u00fanico tributo todos os impostos federais. A candidata disse que usar\u00e1 a \u00faltima semana antes do primeiro turno para continuar a apresentar propostas de governo. \u201cA reforma tribut\u00e1ria \u00e9 [&hellip;]<\/p>\n","protected":false},"author":246,"featured_media":204717,"comment_status":"closed","ping_status":"closed","sticky":false,"template":"","format":"standard","meta":{"footnotes":""},"categories":[436,440,254,439],"tags":[],"class_list":["post-204716","post","type-post","status-publish","format-standard","has-post-thumbnail","hentry","category-destaque-da-semana","category-destaques-do-dia","category-politica","category-ultima-hora"],"_links":{"self":[{"href":"https:\/\/diarioregionaldigital.com.br\/index.php?rest_route=\/wp\/v2\/posts\/204716","targetHints":{"allow":["GET"]}}],"collection":[{"href":"https:\/\/diarioregionaldigital.com.br\/index.php?rest_route=\/wp\/v2\/posts"}],"about":[{"href":"https:\/\/diarioregionaldigital.com.br\/index.php?rest_route=\/wp\/v2\/types\/post"}],"author":[{"embeddable":true,"href":"https:\/\/diarioregionaldigital.com.br\/index.php?rest_route=\/wp\/v2\/users\/246"}],"replies":[{"embeddable":true,"href":"https:\/\/diarioregionaldigital.com.br\/index.php?rest_route=%2Fwp%2Fv2%2Fcomments&post=204716"}],"version-history":[{"count":1,"href":"https:\/\/diarioregionaldigital.com.br\/index.php?rest_route=\/wp\/v2\/posts\/204716\/revisions"}],"predecessor-version":[{"id":204718,"href":"https:\/\/diarioregionaldigital.com.br\/index.php?rest_route=\/wp\/v2\/posts\/204716\/revisions\/204718"}],"wp:featuredmedia":[{"embeddable":true,"href":"https:\/\/diarioregionaldigital.com.br\/index.php?rest_route=\/wp\/v2\/media\/204717"}],"wp:attachment":[{"href":"https:\/\/diarioregionaldigital.com.br\/index.php?rest_route=%2Fwp%2Fv2%2Fmedia&parent=204716"}],"wp:term":[{"taxonomy":"category","embeddable":true,"href":"https:\/\/diarioregionaldigital.com.br\/index.php?rest_route=%2Fwp%2Fv2%2Fcategories&post=204716"},{"taxonomy":"post_tag","embeddable":true,"href":"https:\/\/diarioregionaldigital.com.br\/index.php?rest_route=%2Fwp%2Fv2%2Ftags&post=204716"}],"curies":[{"name":"wp","href":"https:\/\/api.w.org\/{rel}","templated":true}]}}