{"id":204713,"date":"2022-09-26T20:12:57","date_gmt":"2022-09-26T23:12:57","guid":{"rendered":"https:\/\/diarioregionaldigital.com.br\/?p=204713"},"modified":"2022-09-26T20:12:57","modified_gmt":"2022-09-26T23:12:57","slug":"prefeitura-de-sao-paulo-vai-restituir-parte-do-ipva-de-carro-eletrico","status":"publish","type":"post","link":"https:\/\/diarioregionaldigital.com.br\/?p=204713","title":{"rendered":"Prefeitura de S\u00e3o Paulo vai restituir parte do IPVA de carro el\u00e9trico"},"content":{"rendered":"<p>A prefeitura de S\u00e3o Paulo vai conceder desconto no Imposto sobre Propriedade de Ve\u00edculos Automotores (IPVA) para carros el\u00e9tricos, movidos a hidrog\u00eanio ou h\u00edbridos. A redu\u00e7\u00e3o do imposto \u00e9 referente \u00e0\u00a0parcela que os cofres da capital paulista recebem do tributo, at\u00e9 o limite de R$ 3.292.<img decoding=\"async\" src=\"https:\/\/agenciabrasil.ebc.com.br\/ebc.png?id=1484374&amp;o=node\" \/><img decoding=\"async\" src=\"https:\/\/agenciabrasil.ebc.com.br\/ebc.gif?id=1484374&amp;o=node\" \/><\/p>\n<p>Os valores arrecadados com o IPVA s\u00e3o destinados, em um percentual de 20%, para o Fundo de Manuten\u00e7\u00e3o e Desenvolvimento da Educa\u00e7\u00e3o B\u00e1sica e de Valoriza\u00e7\u00e3o dos Profissionais da Educa\u00e7\u00e3o (Fundeb). O restante \u00e9 dividido igualmente entre o munic\u00edpio de registro do ve\u00edculo e o governo do estado de S\u00e3o Paulo. Sendo assim, o desconto \u00e9 referente a\u00a040% do valor total arrecadado paraa prefeitura.<\/p>\n<p>O propriet\u00e1rio dever\u00e1 fazer uma solicita\u00e7\u00e3o para receber a restitui\u00e7\u00e3o no\u00a0<a href=\"https:\/\/sp156.prefeitura.sp.gov.br\/portal\/servicos\" target=\"_blank\" rel=\"noopener\">Portal\u00a0156<\/a>, da Secretaria Municipal da Fazenda.\u00a0O valor poder\u00e1 ser recebido em conta corrente ou usado para abater do Imposto Predial e Territorial Urbano (IPTU).<\/p>\n<p><span style=\"font-weight: 400;\">Fonte: Ag\u00eancia Brasil <\/span><\/p>\n","protected":false},"excerpt":{"rendered":"<p>A prefeitura de S\u00e3o Paulo vai conceder desconto no Imposto sobre Propriedade de Ve\u00edculos Automotores (IPVA) para carros el\u00e9tricos, movidos a hidrog\u00eanio ou h\u00edbridos. A redu\u00e7\u00e3o do imposto \u00e9 referente \u00e0\u00a0parcela que os cofres da capital paulista recebem do tributo, at\u00e9 o limite de R$ 3.292. Os valores arrecadados com o IPVA s\u00e3o destinados, em [&hellip;]<\/p>\n","protected":false},"author":246,"featured_media":204714,"comment_status":"closed","ping_status":"closed","sticky":false,"template":"","format":"standard","meta":{"footnotes":""},"categories":[436,261,439],"tags":[],"class_list":["post-204713","post","type-post","status-publish","format-standard","has-post-thumbnail","hentry","category-destaque-da-semana","category-economia","category-ultima-hora"],"_links":{"self":[{"href":"https:\/\/diarioregionaldigital.com.br\/index.php?rest_route=\/wp\/v2\/posts\/204713","targetHints":{"allow":["GET"]}}],"collection":[{"href":"https:\/\/diarioregionaldigital.com.br\/index.php?rest_route=\/wp\/v2\/posts"}],"about":[{"href":"https:\/\/diarioregionaldigital.com.br\/index.php?rest_route=\/wp\/v2\/types\/post"}],"author":[{"embeddable":true,"href":"https:\/\/diarioregionaldigital.com.br\/index.php?rest_route=\/wp\/v2\/users\/246"}],"replies":[{"embeddable":true,"href":"https:\/\/diarioregionaldigital.com.br\/index.php?rest_route=%2Fwp%2Fv2%2Fcomments&post=204713"}],"version-history":[{"count":1,"href":"https:\/\/diarioregionaldigital.com.br\/index.php?rest_route=\/wp\/v2\/posts\/204713\/revisions"}],"predecessor-version":[{"id":204715,"href":"https:\/\/diarioregionaldigital.com.br\/index.php?rest_route=\/wp\/v2\/posts\/204713\/revisions\/204715"}],"wp:featuredmedia":[{"embeddable":true,"href":"https:\/\/diarioregionaldigital.com.br\/index.php?rest_route=\/wp\/v2\/media\/204714"}],"wp:attachment":[{"href":"https:\/\/diarioregionaldigital.com.br\/index.php?rest_route=%2Fwp%2Fv2%2Fmedia&parent=204713"}],"wp:term":[{"taxonomy":"category","embeddable":true,"href":"https:\/\/diarioregionaldigital.com.br\/index.php?rest_route=%2Fwp%2Fv2%2Fcategories&post=204713"},{"taxonomy":"post_tag","embeddable":true,"href":"https:\/\/diarioregionaldigital.com.br\/index.php?rest_route=%2Fwp%2Fv2%2Ftags&post=204713"}],"curies":[{"name":"wp","href":"https:\/\/api.w.org\/{rel}","templated":true}]}}