{"id":204700,"date":"2022-09-25T06:00:12","date_gmt":"2022-09-25T09:00:12","guid":{"rendered":"https:\/\/diarioregionaldigital.com.br\/?p=204700"},"modified":"2022-09-24T03:56:25","modified_gmt":"2022-09-24T06:56:25","slug":"a-solidao-do-puma","status":"publish","type":"post","link":"https:\/\/diarioregionaldigital.com.br\/?p=204700","title":{"rendered":"A Solid\u00e3o do Puma"},"content":{"rendered":"<p>O pensamento \u00e9 do inigual\u00e1vel Machado de Assis: \u201cA solid\u00e3o \u00e9 uma oficina de ideias.\u201d<\/p>\n<p>Com base nessa premissa, escrevi o livro \u201cA solid\u00e3o do puma\u201d, que acaba de ser editado pela \u201cConsultor\u201d, com lind\u00edssimas ilustra\u00e7\u00f5es do craque Cl\u00e1udio\u00a0 Duarte.<\/p>\n<p>As matas do Paran\u00e1 abrigam o puma, um lindo fel\u00eddeo, que vive em m\u00e9dia cerca de sete anos. \u00c9 uma hist\u00f3ria que valoriza o respeito e a igualdade, e que faz a defesa do debate digital. O puma \u00e9 tamb\u00e9m conhecido como on\u00e7a-pintada. No livro aproveitamos a ocasi\u00e3o para uma clara condena\u00e7\u00e3o ao racismo.<\/p>\n<p>Na selva, o \u00a0puma cascudo deu uma aula formid\u00e1vel sobre o que se entende por sustentabilidade. Isso ao lado de um tratamento para dar fim \u00e0 tristeza: \u201cDevemos dar um fim \u00e0 solid\u00e3o, trocando pela felicidade.\u201d Esse fato foi comemorado em toda a selva, iluminada por centenas de vagalumes.<\/p>\n<p>O livro tem algumas inova\u00e7\u00f5es, como a exist\u00eancia do ararac\u00f3ptero. \u00c9 \u00a0um meio de transporte para ligar uma cidade a outra. Era muito usado pelo J\u00f4 Monkey, Secret\u00e1rio de Meio Ambiente da floresta. Os macacos se mobilizaram, num dado momento, para acabar com o fogo existente. Quando isso aconteceu, houve uma tremenda comemora\u00e7\u00e3o. Os macacos foram homenageados com deliciosas pencas de banana nanica. Querem coisa mais apropriada?<\/p>\n<p>Deve-se registrar que as on\u00e7as-pintadas sofrem muito com a exist\u00eancia dos inc\u00eandios nas matas. Isso porque suas patas s\u00e3o muito sens\u00edveis e precisam ser levadas aos hospitais da regi\u00e3o para serem devidamente tratadas. H\u00e1 uma campanha para acabar com o fogo nas matas.<\/p>\n<p>Os jacar\u00e9s de olho grande tinham um coral de primeira ordem. Para os pumas, \u201ctristeza n\u00e3o rima com beleza.\u201d Alegria, sim, que rima com folia. E assim eles comemoravam.<\/p>\n","protected":false},"excerpt":{"rendered":"<p>O pensamento \u00e9 do inigual\u00e1vel Machado de Assis: \u201cA solid\u00e3o \u00e9 uma oficina de ideias.\u201d Com base nessa premissa, escrevi o livro \u201cA solid\u00e3o do puma\u201d, que acaba de ser editado pela \u201cConsultor\u201d, com lind\u00edssimas ilustra\u00e7\u00f5es do craque Cl\u00e1udio\u00a0 Duarte. As matas do Paran\u00e1 abrigam o puma, um lindo fel\u00eddeo, que vive em m\u00e9dia cerca [&hellip;]<\/p>\n","protected":false},"author":96,"featured_media":0,"comment_status":"closed","ping_status":"closed","sticky":false,"template":"","format":"standard","meta":{"footnotes":""},"categories":[275],"tags":[],"class_list":["post-204700","post","type-post","status-publish","format-standard","hentry","category-arnaldo-niskier"],"_links":{"self":[{"href":"https:\/\/diarioregionaldigital.com.br\/index.php?rest_route=\/wp\/v2\/posts\/204700","targetHints":{"allow":["GET"]}}],"collection":[{"href":"https:\/\/diarioregionaldigital.com.br\/index.php?rest_route=\/wp\/v2\/posts"}],"about":[{"href":"https:\/\/diarioregionaldigital.com.br\/index.php?rest_route=\/wp\/v2\/types\/post"}],"author":[{"embeddable":true,"href":"https:\/\/diarioregionaldigital.com.br\/index.php?rest_route=\/wp\/v2\/users\/96"}],"replies":[{"embeddable":true,"href":"https:\/\/diarioregionaldigital.com.br\/index.php?rest_route=%2Fwp%2Fv2%2Fcomments&post=204700"}],"version-history":[{"count":1,"href":"https:\/\/diarioregionaldigital.com.br\/index.php?rest_route=\/wp\/v2\/posts\/204700\/revisions"}],"predecessor-version":[{"id":204701,"href":"https:\/\/diarioregionaldigital.com.br\/index.php?rest_route=\/wp\/v2\/posts\/204700\/revisions\/204701"}],"wp:attachment":[{"href":"https:\/\/diarioregionaldigital.com.br\/index.php?rest_route=%2Fwp%2Fv2%2Fmedia&parent=204700"}],"wp:term":[{"taxonomy":"category","embeddable":true,"href":"https:\/\/diarioregionaldigital.com.br\/index.php?rest_route=%2Fwp%2Fv2%2Fcategories&post=204700"},{"taxonomy":"post_tag","embeddable":true,"href":"https:\/\/diarioregionaldigital.com.br\/index.php?rest_route=%2Fwp%2Fv2%2Ftags&post=204700"}],"curies":[{"name":"wp","href":"https:\/\/api.w.org\/{rel}","templated":true}]}}