{"id":204694,"date":"2022-09-23T22:02:57","date_gmt":"2022-09-24T01:02:57","guid":{"rendered":"https:\/\/diarioregionaldigital.com.br\/?p=204694"},"modified":"2022-09-23T22:02:57","modified_gmt":"2022-09-24T01:02:57","slug":"pjf-da-sequencia-a-pavimentacao-em-poco-dantas","status":"publish","type":"post","link":"https:\/\/diarioregionaldigital.com.br\/?p=204694","title":{"rendered":"PJF d\u00e1 sequ\u00eancia \u00e0 pavimenta\u00e7\u00e3o em Po\u00e7o Dantas"},"content":{"rendered":"<p>Segundo informa\u00e7\u00f5es do site da Prefeitura de Juiz de Fora (PJF), a\u00a0Prefeitura de Juiz de Fora (PJF) deu continuidade \u00e0 pavimenta\u00e7\u00e3o na Estrada Athos Branco da Rosa, no bairro Parque Serra Verde, pr\u00f3ximo \u00e0 represa do Po\u00e7o D\u2019Antas, nesta sexta-feira, 23. A Rua Lu\u00eds Gonzaga de Figueiredo, no mesmo bairro, j\u00e1 teve a pavimenta\u00e7\u00e3o finalizada.<\/p>\n<p>Os trabalhos no Parque Serra Verde foram iniciados no dia 14 deste m\u00eas ap\u00f3s a Secretaria de Obras (SO) concluir a constru\u00e7\u00e3o da nova rede de drenagem do local, rompida ap\u00f3s as chuvas hist\u00f3ricas do in\u00edcio deste ano. No total, foram reconstru\u00eddas mais de 600 metros de redes de drenagem, al\u00e9m de um escad\u00e3o hidr\u00e1ulico para melhor escoamento das \u00e1guas pluviais. Mais informa\u00e7\u00f5es sobre a obra voc\u00ea confere<a href=\"https:\/\/www.pjf.mg.gov.br\/noticias\/view.php?modo=link2&amp;idnoticia2=74617\">\u00a0<strong>aqui<\/strong><\/a>.<\/p>\n<p>No total, 300 metros de comprimento da Estrada Athos Branco da Rosa receber\u00e3o asfalto novo. Na Rua Lu\u00eds Gonzaga de Figueiredo foram 86 metros com novo pavimento. Ao todo, j\u00e1 foram utilizadas 75,82 toneladas de CBUQ (massa asf\u00e1ltica). Para acelerar a conclus\u00e3o das obras, equipes da Empresa Municipal de Pavimenta\u00e7\u00e3o e Urbaniza\u00e7\u00e3o (Empav) atuar\u00e3o neste s\u00e1bado, 24, na Estrada Athos Branco da Rosa.<\/p>\n<p><strong>Tapa-buracos<\/strong><\/p>\n<p>Para facilitar ainda mais o acesso a Estrada Athos Branco da Rosa, equipes da Empav atuam com a opera\u00e7\u00e3o tapa-buracos no local. Al\u00e9m do S\u00e3o Benedito, outros oito receberam a opera\u00e7\u00e3o nesta sexta-feira, 23.<\/p>\n<p>Veja a lista completa abaixo:<br \/>\nGraminha<\/p>\n<p>Progresso<\/p>\n<p>Barbosa Lage<\/p>\n<p>Santa Efig\u00eania<\/p>\n<p>Vila Ideal<\/p>\n<p>Serra Verde<\/p>\n<p>Maril\u00e2ndia<\/p>\n<p>Nova Calif\u00f3rnia<\/p>\n<p>S\u00e3o Benedito<\/p>\n<p>Os trabalhos seguem em andamento em v\u00e1rios pontos da cidade e a programa\u00e7\u00e3o completa das atividades realizadas pela Empav pode ser acompanhada diariamente atrav\u00e9s da p\u00e1gina do Gabinete de A\u00e7\u00e3o e Di\u00e1logo Comunit\u00e1rio, pelo<strong><a href=\"https:\/\/www.pjf.mg.gov.br\/gabinetecomunitario\/#onde\">\u00a0link<\/a><\/strong>.<\/p>\n<p>Todas as a\u00e7\u00f5es de reestrutura\u00e7\u00e3o, urbaniza\u00e7\u00e3o e zeladoria realizadas pela Empresa Municipal de Pavimenta\u00e7\u00e3o e Urbanidades (Empav) fazem parte do Programa Boniteza. Estes e outros servi\u00e7os podem ser solicitados atrav\u00e9s do Gabinete de A\u00e7\u00e3o e Di\u00e1logo Comunit\u00e1rio, que recebe e organiza pedidos relativos a interven\u00e7\u00f5es e melhorias urbanas. O contato pode ser feito por liga\u00e7\u00e3o telef\u00f4nica, pelo n\u00famero (32) 3690-7241 ou, ainda, via WhatsApp, utilizando o mesmo n\u00famero.<\/p>\n","protected":false},"excerpt":{"rendered":"<p>Segundo informa\u00e7\u00f5es do site da Prefeitura de Juiz de Fora (PJF), a\u00a0Prefeitura de Juiz de Fora (PJF) deu continuidade \u00e0 pavimenta\u00e7\u00e3o na Estrada Athos Branco da Rosa, no bairro Parque Serra Verde, pr\u00f3ximo \u00e0 represa do Po\u00e7o D\u2019Antas, nesta sexta-feira, 23. A Rua Lu\u00eds Gonzaga de Figueiredo, no mesmo bairro, j\u00e1 teve a pavimenta\u00e7\u00e3o finalizada. [&hellip;]<\/p>\n","protected":false},"author":246,"featured_media":204695,"comment_status":"closed","ping_status":"closed","sticky":false,"template":"","format":"standard","meta":{"footnotes":""},"categories":[253,436,439],"tags":[],"class_list":["post-204694","post","type-post","status-publish","format-standard","has-post-thumbnail","hentry","category-cidade","category-destaque-da-semana","category-ultima-hora"],"_links":{"self":[{"href":"https:\/\/diarioregionaldigital.com.br\/index.php?rest_route=\/wp\/v2\/posts\/204694","targetHints":{"allow":["GET"]}}],"collection":[{"href":"https:\/\/diarioregionaldigital.com.br\/index.php?rest_route=\/wp\/v2\/posts"}],"about":[{"href":"https:\/\/diarioregionaldigital.com.br\/index.php?rest_route=\/wp\/v2\/types\/post"}],"author":[{"embeddable":true,"href":"https:\/\/diarioregionaldigital.com.br\/index.php?rest_route=\/wp\/v2\/users\/246"}],"replies":[{"embeddable":true,"href":"https:\/\/diarioregionaldigital.com.br\/index.php?rest_route=%2Fwp%2Fv2%2Fcomments&post=204694"}],"version-history":[{"count":1,"href":"https:\/\/diarioregionaldigital.com.br\/index.php?rest_route=\/wp\/v2\/posts\/204694\/revisions"}],"predecessor-version":[{"id":204696,"href":"https:\/\/diarioregionaldigital.com.br\/index.php?rest_route=\/wp\/v2\/posts\/204694\/revisions\/204696"}],"wp:featuredmedia":[{"embeddable":true,"href":"https:\/\/diarioregionaldigital.com.br\/index.php?rest_route=\/wp\/v2\/media\/204695"}],"wp:attachment":[{"href":"https:\/\/diarioregionaldigital.com.br\/index.php?rest_route=%2Fwp%2Fv2%2Fmedia&parent=204694"}],"wp:term":[{"taxonomy":"category","embeddable":true,"href":"https:\/\/diarioregionaldigital.com.br\/index.php?rest_route=%2Fwp%2Fv2%2Fcategories&post=204694"},{"taxonomy":"post_tag","embeddable":true,"href":"https:\/\/diarioregionaldigital.com.br\/index.php?rest_route=%2Fwp%2Fv2%2Ftags&post=204694"}],"curies":[{"name":"wp","href":"https:\/\/api.w.org\/{rel}","templated":true}]}}