{"id":204690,"date":"2022-09-23T21:24:33","date_gmt":"2022-09-24T00:24:33","guid":{"rendered":"https:\/\/diarioregionaldigital.com.br\/?p=204690"},"modified":"2022-09-23T21:24:33","modified_gmt":"2022-09-24T00:24:33","slug":"bairro-grama-recebe-edicao-praca-quente-pra-toda-gente-neste-domingo-25","status":"publish","type":"post","link":"https:\/\/diarioregionaldigital.com.br\/?p=204690","title":{"rendered":"Bairro Grama recebe edi\u00e7\u00e3o \u201cPra\u00e7a Quente Pra Toda Gente\u201d neste domingo, 25"},"content":{"rendered":"<p>Segundo informa\u00e7\u00f5es do site da Prefeitura de Juiz de Fora (PJF), neste domingo, 25, acontecer\u00e1 mais uma edi\u00e7\u00e3o do \u201cPra\u00e7a Quente Pra Toda Gente\u201d no bairro Grama. A partir das 8h, a pra\u00e7a \u00c1ureo Carneiro Gomes recebe atividades promovidas pelos moradores do bairro, al\u00e9m de a\u00e7\u00f5es recreativas, culturais e educativas da Prefeitura de Juiz de Fora (PJF).<\/p>\n<p>O projeto \u201cPra\u00e7a Quente Pra Toda Gente\u201d\u00a0 faz parte do Programa Boniteza e tem como objetivo restabelecer as pra\u00e7as p\u00fablicas como um ambiente de lazer para os moradores. O objetivo \u00e9 incentivar o uso do espa\u00e7o para atividades esportivas, de lazer ou culturais promovidas pela pr\u00f3pria comunidade.<\/p>\n<p>No evento deste domingo, quem comparecer \u00e0 Pra\u00e7a de 8h \u00e0s 12h poder\u00e1 aproveitar os brinquedos e atividades recreativas com acompanhamento de monitores promovido pelo JF Lazer, a\u00e7\u00e3o da PJF organizada pela Secretaria de Esporte e Lazer (SEL). Al\u00e9m disso, por meio da Funda\u00e7\u00e3o Cultural Alfredo Ferreira Lage (Funalfa), a PJF vai promover oficinas de educa\u00e7\u00e3o patrimonial e pintura \u00e0 m\u00e3o, de 8h \u00e0s 12h.<\/p>\n<p>J\u00e1 de 8h \u00e0s 18h, a Pra\u00e7a \u00c1ureo Carneiro Gomes contar\u00e1 com uma s\u00e9rie de atividades promovidas pelos moradores do bairro, como exposi\u00e7\u00f5es e vendas de artesanato, roupas, bijuterias e acess\u00f3rios. Tamb\u00e9m haver\u00e1 venda de churrasco, queijos, doces, bolos, biscoitos, ovos, bebidas, salgados, pastel e caldo de cana. Al\u00e9m disso, haver\u00e1 orienta\u00e7\u00e3o sobre escova\u00e7\u00e3o de dentes e distribui\u00e7\u00e3o de escovas.<\/p>\n<p>O projeto \u201cPra\u00e7a Quente Pra Toda Gente\u201d j\u00e1 chegou nas pra\u00e7as Senador Teot\u00f4nio Vilela, no Vitorino Braga; \u00c1ureo Gomes Carneiro, em Grama; e na Pra\u00e7a do Ipiranga, em Ipiranga.<\/p>\n<p><strong>Programa Boniteza<\/strong><\/p>\n<p>Coordenado pela Secretaria de Governo (SG), o Programa Boniteza \u00e9 desenvolvido atrav\u00e9s de uma a\u00e7\u00e3o integrada entre Secretaria de Assist\u00eancia Social (SAS); Secretaria de Agricultura Pecu\u00e1ria e Abastecimento (Seapa); Companhia de Saneamento Municipal (Cesama); Secretaria de Comunica\u00e7\u00e3o Social (Secom); Departamento Municipal de Limpeza Urbana (Demlurb);\u00a0 Secretaria de Desenvolvimento Sustent\u00e1vel e Inclusivo, da Inova\u00e7\u00e3o e Competitividade (Sedic); Empresa Municipal de Pavimenta\u00e7\u00e3o e Urbaniza\u00e7\u00e3o (Empav); Secretaria de Educa\u00e7\u00e3o (SE); Secretaria Especial de Direitos Humanos (SEDH); Secretaria de Esporte e Lazer (SEL); Funda\u00e7\u00e3o Cultural Alfredo Ferreira Lage (Funalfa); Secretaria da Fazenda (SF); Secretaria de Mobilidade Urbana (SMU); Secretaria de Obras (SO); Secretaria de Planejamento Urbano (Sepur); Secretaria de Planejamento do Territ\u00f3rio e Participa\u00e7\u00e3o Popular (Seppop); Secretaria de Sustentabilidade em Meio Ambiente e Atividades Urbanas (Sesmaur); Secretaria de Seguran\u00e7a Urbana e Cidadania (Sesuc); Secretaria de Sa\u00fade (SS); Secretaria de Turismo (Setur); e Secretaria de Transforma\u00e7\u00e3o Digital e Administrativa (STDA).<\/p>\n","protected":false},"excerpt":{"rendered":"<p>Segundo informa\u00e7\u00f5es do site da Prefeitura de Juiz de Fora (PJF), neste domingo, 25, acontecer\u00e1 mais uma edi\u00e7\u00e3o do \u201cPra\u00e7a Quente Pra Toda Gente\u201d no bairro Grama. A partir das 8h, a pra\u00e7a \u00c1ureo Carneiro Gomes recebe atividades promovidas pelos moradores do bairro, al\u00e9m de a\u00e7\u00f5es recreativas, culturais e educativas da Prefeitura de Juiz de [&hellip;]<\/p>\n","protected":false},"author":246,"featured_media":204691,"comment_status":"closed","ping_status":"closed","sticky":false,"template":"","format":"standard","meta":{"footnotes":""},"categories":[253,436,439],"tags":[],"class_list":["post-204690","post","type-post","status-publish","format-standard","has-post-thumbnail","hentry","category-cidade","category-destaque-da-semana","category-ultima-hora"],"_links":{"self":[{"href":"https:\/\/diarioregionaldigital.com.br\/index.php?rest_route=\/wp\/v2\/posts\/204690","targetHints":{"allow":["GET"]}}],"collection":[{"href":"https:\/\/diarioregionaldigital.com.br\/index.php?rest_route=\/wp\/v2\/posts"}],"about":[{"href":"https:\/\/diarioregionaldigital.com.br\/index.php?rest_route=\/wp\/v2\/types\/post"}],"author":[{"embeddable":true,"href":"https:\/\/diarioregionaldigital.com.br\/index.php?rest_route=\/wp\/v2\/users\/246"}],"replies":[{"embeddable":true,"href":"https:\/\/diarioregionaldigital.com.br\/index.php?rest_route=%2Fwp%2Fv2%2Fcomments&post=204690"}],"version-history":[{"count":2,"href":"https:\/\/diarioregionaldigital.com.br\/index.php?rest_route=\/wp\/v2\/posts\/204690\/revisions"}],"predecessor-version":[{"id":204693,"href":"https:\/\/diarioregionaldigital.com.br\/index.php?rest_route=\/wp\/v2\/posts\/204690\/revisions\/204693"}],"wp:featuredmedia":[{"embeddable":true,"href":"https:\/\/diarioregionaldigital.com.br\/index.php?rest_route=\/wp\/v2\/media\/204691"}],"wp:attachment":[{"href":"https:\/\/diarioregionaldigital.com.br\/index.php?rest_route=%2Fwp%2Fv2%2Fmedia&parent=204690"}],"wp:term":[{"taxonomy":"category","embeddable":true,"href":"https:\/\/diarioregionaldigital.com.br\/index.php?rest_route=%2Fwp%2Fv2%2Fcategories&post=204690"},{"taxonomy":"post_tag","embeddable":true,"href":"https:\/\/diarioregionaldigital.com.br\/index.php?rest_route=%2Fwp%2Fv2%2Ftags&post=204690"}],"curies":[{"name":"wp","href":"https:\/\/api.w.org\/{rel}","templated":true}]}}