{"id":204687,"date":"2022-09-23T21:22:48","date_gmt":"2022-09-24T00:22:48","guid":{"rendered":"https:\/\/diarioregionaldigital.com.br\/?p=204687"},"modified":"2022-09-23T21:22:48","modified_gmt":"2022-09-24T00:22:48","slug":"evento-no-centro-de-vigilancia-aborda-temas-sobre-suicidio-e-prevencao","status":"publish","type":"post","link":"https:\/\/diarioregionaldigital.com.br\/?p=204687","title":{"rendered":"Evento no Centro de Vigil\u00e2ncia aborda temas sobre suic\u00eddio e preven\u00e7\u00e3o"},"content":{"rendered":"<p>Segundo informa\u00e7\u00f5es do site da Prefeitura de Juiz de Fora (PJF), tem a ver com acolhimento, com escuta, entender o que est\u00e1 por tr\u00e1s daquele ato e como podemos ajudar\u201d. A fala da gerente do Centro de Aten\u00e7\u00e3o Psicossocial (Caps) da inf\u00e2ncia e juventude,\u00a0 Rejane Moura, \u00e9 um dos ensinamentos do evento que ocorreu nesta sexta, 23, no Centro de Vigil\u00e2ncia em Sa\u00fade. \u201cTodos os meses s\u00e3o setembro: uma abordagem sobre o suic\u00eddio\u201d, foi o tema da palestra realizada pela Prefeitura de Juiz de Fora (PJF).<\/p>\n<p>A abordagem promovida pelo Departamento de Sa\u00fade Mental (DSM) e Subsecretaria de Vigil\u00e2ncia em Sa\u00fade (SSVS), da Secretaria de Sa\u00fade (SS), tratou, principalmente, da import\u00e2ncia da discuss\u00e3o da tem\u00e1tica do suic\u00eddio em todas as esferas sociais e idades. Os debates, que contaram com a presen\u00e7a de psic\u00f3logos, profissionais de sa\u00fade e professores, envolveram assuntos como o suic\u00eddio na adolesc\u00eancia e determinantes sociais na sa\u00fade mental.<\/p>\n<p>Ainda na inten\u00e7\u00e3o de promover a\u00e7\u00f5es reais que gerem impactos a partir dos debates, ao final das palestras os presentes se dividiram em pequenos grupos de trabalho. Essa din\u00e2mica foi pensada para que surgissem propostas de transforma\u00e7\u00f5es em \u00e2mbitos municipais para a sa\u00fade mental e preven\u00e7\u00e3o ao suic\u00eddio.<\/p>\n<p>Para o secret\u00e1rio municipal de Sa\u00fade, Ivan Chebli, o evento \u00e9 de extrema import\u00e2ncia. \u201cO tema do suic\u00eddio representa um grave problema na nossa sociedade, por isso esse debate \u00e9 cada vez mais necess\u00e1rio. Esse evento alerta sobre algo muito importante, que \u00e9 uma quest\u00e3o n\u00e3o s\u00f3 da sa\u00fade, mas de todos os servi\u00e7os p\u00fablicos\u201d.<\/p>\n<p>A gerente do departamento de sa\u00fade mental da Secretaria de Sa\u00fade , Rosane Rodrigues, tamb\u00e9m ressaltou o qu\u00e3o significativo \u00e9 trabalhar essa abordagem. \u201cPrecisamos pensar na preven\u00e7\u00e3o do suic\u00eddio para al\u00e9m de uma campanha somente no m\u00eas de setembro. \u00c9 preciso pensar em uma pol\u00edtica de continuidade que trabalha n\u00e3o s\u00f3 as condi\u00e7\u00f5es mentais, mas as sociais de preven\u00e7\u00e3o, e isso a gente faz atrav\u00e9s do investimento em pol\u00edticas p\u00fablicas\u201d.<\/p>\n<p>O evento est\u00e1 alinhado \u00e0 resolu\u00e7\u00e3o 7732 do Plano Municipal de Vigil\u00e2ncia das Causas Externas. O projeto de extens\u00e3o \u201cCultura de Paz e Preven\u00e7\u00e3o das Viol\u00eancias: Tecendo Redes\u201d, parceria entre a Prefeitura de Juiz de Fora (PJF) e a Universidade Federal de Juiz de Fora (UFJF), participa na formaliza\u00e7\u00e3o da Campanha que pretende trabalhar o tema como pol\u00edtica p\u00fablica continuada.<\/p>\n","protected":false},"excerpt":{"rendered":"<p>Segundo informa\u00e7\u00f5es do site da Prefeitura de Juiz de Fora (PJF), tem a ver com acolhimento, com escuta, entender o que est\u00e1 por tr\u00e1s daquele ato e como podemos ajudar\u201d. A fala da gerente do Centro de Aten\u00e7\u00e3o Psicossocial (Caps) da inf\u00e2ncia e juventude,\u00a0 Rejane Moura, \u00e9 um dos ensinamentos do evento que ocorreu nesta [&hellip;]<\/p>\n","protected":false},"author":246,"featured_media":204688,"comment_status":"closed","ping_status":"closed","sticky":false,"template":"","format":"standard","meta":{"footnotes":""},"categories":[253,436,439],"tags":[],"class_list":["post-204687","post","type-post","status-publish","format-standard","has-post-thumbnail","hentry","category-cidade","category-destaque-da-semana","category-ultima-hora"],"_links":{"self":[{"href":"https:\/\/diarioregionaldigital.com.br\/index.php?rest_route=\/wp\/v2\/posts\/204687","targetHints":{"allow":["GET"]}}],"collection":[{"href":"https:\/\/diarioregionaldigital.com.br\/index.php?rest_route=\/wp\/v2\/posts"}],"about":[{"href":"https:\/\/diarioregionaldigital.com.br\/index.php?rest_route=\/wp\/v2\/types\/post"}],"author":[{"embeddable":true,"href":"https:\/\/diarioregionaldigital.com.br\/index.php?rest_route=\/wp\/v2\/users\/246"}],"replies":[{"embeddable":true,"href":"https:\/\/diarioregionaldigital.com.br\/index.php?rest_route=%2Fwp%2Fv2%2Fcomments&post=204687"}],"version-history":[{"count":1,"href":"https:\/\/diarioregionaldigital.com.br\/index.php?rest_route=\/wp\/v2\/posts\/204687\/revisions"}],"predecessor-version":[{"id":204689,"href":"https:\/\/diarioregionaldigital.com.br\/index.php?rest_route=\/wp\/v2\/posts\/204687\/revisions\/204689"}],"wp:featuredmedia":[{"embeddable":true,"href":"https:\/\/diarioregionaldigital.com.br\/index.php?rest_route=\/wp\/v2\/media\/204688"}],"wp:attachment":[{"href":"https:\/\/diarioregionaldigital.com.br\/index.php?rest_route=%2Fwp%2Fv2%2Fmedia&parent=204687"}],"wp:term":[{"taxonomy":"category","embeddable":true,"href":"https:\/\/diarioregionaldigital.com.br\/index.php?rest_route=%2Fwp%2Fv2%2Fcategories&post=204687"},{"taxonomy":"post_tag","embeddable":true,"href":"https:\/\/diarioregionaldigital.com.br\/index.php?rest_route=%2Fwp%2Fv2%2Ftags&post=204687"}],"curies":[{"name":"wp","href":"https:\/\/api.w.org\/{rel}","templated":true}]}}