{"id":204680,"date":"2022-09-23T21:13:22","date_gmt":"2022-09-24T00:13:22","guid":{"rendered":"https:\/\/diarioregionaldigital.com.br\/?p=204680"},"modified":"2022-09-23T21:13:22","modified_gmt":"2022-09-24T00:13:22","slug":"em-penultimo-amistoso-oficial-antes-da-copa-brasil-enfrenta-gana","status":"publish","type":"post","link":"https:\/\/diarioregionaldigital.com.br\/?p=204680","title":{"rendered":"Em pen\u00faltimo amistoso oficial antes da Copa, Brasil enfrenta Gana"},"content":{"rendered":"<p>A sele\u00e7\u00e3o brasileira enfrenta Gana, a partir das 15h30 (hor\u00e1rio de Bras\u00edlia) desta sexta-feira (23) no est\u00e1dio Oc\u00e9ane, em Le Havre (Fran\u00e7a), em seu pen\u00faltimo compromisso antes do in\u00edcio da pr\u00f3xima Copa do Mundo, que ser\u00e1 disputada a partir do dia 20 de novembro no Catar.<img decoding=\"async\" src=\"https:\/\/agenciabrasil.ebc.com.br\/ebc.png?id=1483918&amp;o=node\" \/><img decoding=\"async\" src=\"https:\/\/agenciabrasil.ebc.com.br\/ebc.gif?id=1483918&amp;o=node\" \/><\/p>\n<p>Nesta partida o t\u00e9cnico Tite far\u00e1 algumas experi\u00eancias, em especial no setor ofensivo. Ao contr\u00e1rio de outras partidas, o comandante da sele\u00e7\u00e3o esbo\u00e7ou nos treinamentos o esquema 4-1-2-3, tendo apenas Casemiro como volante de of\u00edcio. J\u00e1 Neymar e Lucas Paquet\u00e1 ser\u00e3o os meias por dentro, enquanto Vin\u00edcius J\u00fanior e Raphinha estar\u00e3o nas pontas. O centroavante ser\u00e1 Richarlison.<\/p>\n<p>Em rela\u00e7\u00e3o \u00e0 defesa, a principal mudan\u00e7a ser\u00e1 na lateral-direita. O zagueiro \u00c9der Milit\u00e3o ser\u00e1 testado ali. Vale ressaltar que, para esses dois amistosos, Tite convocou apenas Danilo como lateral-direito de of\u00edcio. Em entrevista coletiva, o comandante brasileiro afirmou que n\u00e3o acredita que a equipe ficar\u00e1 exposta na defesa: \u201cEquil\u00edbrio, equil\u00edbrio e equil\u00edbrio. Toda vez que fugimos desse patamar corremos riscos. O Paquet\u00e1 \u00e9 um segundo meio-campista que traz um senso de criatividade, mas ao mesmo tempo colocamos em campo um lateral-direito que d\u00e1 equil\u00edbrio defensivo\u201d.<\/p>\n<h2>Poss\u00edveis advers\u00e1rios no Catar<\/h2>\n<p>O advers\u00e1rio da equipe de Tite nesta sexta est\u00e1 no Grupo H da Copa do Mundo, ao lado de Uruguai, Portugal e Coreia do Sul. O curioso \u00e9 que Gana pode cruzar com a sele\u00e7\u00e3o brasileira em um poss\u00edvel confronto de oitavas de final. \u00a0Mas o Brasil tem um retrospecto muito favor\u00e1vel, com quatro vit\u00f3rias em quatro jogos (uma delas pelas oitavas do Mundial de 2006).<\/p>\n<p>Quatro dias depois a equipe brasileira ter\u00e1 o seu \u00faltimo amistoso oficial antes do Mundial, desta vez no est\u00e1dio Parque dos Pr\u00edncipes, em Paris, tendo a Tun\u00edsia como advers\u00e1rio. Um poss\u00edvel confronto entre Brasil e Tun\u00edsia no Catar s\u00f3 \u00e9 poss\u00edvel em uma improv\u00e1vel semifinal.<\/p>\n<p><span style=\"font-weight: 400;\">Fonte: Ag\u00eancia Brasil <\/span><\/p>\n","protected":false},"excerpt":{"rendered":"<p>A sele\u00e7\u00e3o brasileira enfrenta Gana, a partir das 15h30 (hor\u00e1rio de Bras\u00edlia) desta sexta-feira (23) no est\u00e1dio Oc\u00e9ane, em Le Havre (Fran\u00e7a), em seu pen\u00faltimo compromisso antes do in\u00edcio da pr\u00f3xima Copa do Mundo, que ser\u00e1 disputada a partir do dia 20 de novembro no Catar. Nesta partida o t\u00e9cnico Tite far\u00e1 algumas experi\u00eancias, em [&hellip;]<\/p>\n","protected":false},"author":246,"featured_media":204682,"comment_status":"closed","ping_status":"closed","sticky":false,"template":"","format":"standard","meta":{"footnotes":""},"categories":[436,257,439],"tags":[],"class_list":["post-204680","post","type-post","status-publish","format-standard","has-post-thumbnail","hentry","category-destaque-da-semana","category-esporte","category-ultima-hora"],"_links":{"self":[{"href":"https:\/\/diarioregionaldigital.com.br\/index.php?rest_route=\/wp\/v2\/posts\/204680","targetHints":{"allow":["GET"]}}],"collection":[{"href":"https:\/\/diarioregionaldigital.com.br\/index.php?rest_route=\/wp\/v2\/posts"}],"about":[{"href":"https:\/\/diarioregionaldigital.com.br\/index.php?rest_route=\/wp\/v2\/types\/post"}],"author":[{"embeddable":true,"href":"https:\/\/diarioregionaldigital.com.br\/index.php?rest_route=\/wp\/v2\/users\/246"}],"replies":[{"embeddable":true,"href":"https:\/\/diarioregionaldigital.com.br\/index.php?rest_route=%2Fwp%2Fv2%2Fcomments&post=204680"}],"version-history":[{"count":1,"href":"https:\/\/diarioregionaldigital.com.br\/index.php?rest_route=\/wp\/v2\/posts\/204680\/revisions"}],"predecessor-version":[{"id":204683,"href":"https:\/\/diarioregionaldigital.com.br\/index.php?rest_route=\/wp\/v2\/posts\/204680\/revisions\/204683"}],"wp:featuredmedia":[{"embeddable":true,"href":"https:\/\/diarioregionaldigital.com.br\/index.php?rest_route=\/wp\/v2\/media\/204682"}],"wp:attachment":[{"href":"https:\/\/diarioregionaldigital.com.br\/index.php?rest_route=%2Fwp%2Fv2%2Fmedia&parent=204680"}],"wp:term":[{"taxonomy":"category","embeddable":true,"href":"https:\/\/diarioregionaldigital.com.br\/index.php?rest_route=%2Fwp%2Fv2%2Fcategories&post=204680"},{"taxonomy":"post_tag","embeddable":true,"href":"https:\/\/diarioregionaldigital.com.br\/index.php?rest_route=%2Fwp%2Fv2%2Ftags&post=204680"}],"curies":[{"name":"wp","href":"https:\/\/api.w.org\/{rel}","templated":true}]}}