{"id":204669,"date":"2022-09-23T21:02:29","date_gmt":"2022-09-24T00:02:29","guid":{"rendered":"https:\/\/diarioregionaldigital.com.br\/?p=204669"},"modified":"2022-09-23T21:02:29","modified_gmt":"2022-09-24T00:02:29","slug":"tite-diz-que-brasil-mostrou-equilibrio-mesmo-com-quinteto-ofensivo","status":"publish","type":"post","link":"https:\/\/diarioregionaldigital.com.br\/?p=204669","title":{"rendered":"Tite diz que Brasil mostrou equil\u00edbrio mesmo com quinteto ofensivo"},"content":{"rendered":"<p>O t\u00e9cnico Tite elogiou a atua\u00e7\u00e3o do Brasil na vit\u00f3ria de 3 a 0 sobre Gana, nesta sexta-feira (23) no est\u00e1dio Oc\u00e9ane, em Le Havre (Fran\u00e7a), o pen\u00faltimo compromisso da sele\u00e7\u00e3o brasileira antes do in\u00edcio da pr\u00f3xima Copa do Mundo. Segundo o treinador, a equipe canarinho mostrou equil\u00edbrio mesmo come\u00e7ando o confronto com um quinteto ofensivo.<img decoding=\"async\" src=\"https:\/\/agenciabrasil.ebc.com.br\/ebc.png?id=1484091&amp;o=node\" \/><img decoding=\"async\" src=\"https:\/\/agenciabrasil.ebc.com.br\/ebc.gif?id=1484091&amp;o=node\" \/><\/p>\n<p>\u201cA utiliza\u00e7\u00e3o de uma ou de outra forma\u00e7\u00e3o vamos estudar dependendo do jogo. Podemos variar [&#8230;]. Lembra que voc\u00eas comentaram l\u00e1 atr\u00e1s sobre um time ofensivo [com um quinteto de ataque formado por Lucas Paquet\u00e1, Neymar, Raphinha, Richarlison e Vin\u00edcius J\u00fanior]? Mas foi um time equilibrado\u201d, declarou Tite.<\/p>\n<p>Nessa forma\u00e7\u00e3o um jogador recebeu um elogio especial do comandante do Brasil na entrevista coletiva ap\u00f3s a partida, o atacante Richarlison, que jogou como um aut\u00eantico camisa 9, marcando dois gols: \u201cO Richarlison cheira a gol, ele n\u00e3o quer saber, quer finalizar. Ele quer ir para o gol\u201d.<\/p>\n<p>Ap\u00f3s o jogo contra Gana, o Brasil volta a entrar em campo na pr\u00f3xima da pr\u00f3xima ter\u00e7a-feira (27), quando mede for\u00e7as com a Tun\u00edsia, no Parque dos Pr\u00edncipes, em Paris, a partir das 15h30 (hor\u00e1rio de Bras\u00edlia).<\/p>\n<p><span style=\"font-weight: 400;\">Fonte: Ag\u00eancia Brasil <\/span><\/p>\n","protected":false},"excerpt":{"rendered":"<p>O t\u00e9cnico Tite elogiou a atua\u00e7\u00e3o do Brasil na vit\u00f3ria de 3 a 0 sobre Gana, nesta sexta-feira (23) no est\u00e1dio Oc\u00e9ane, em Le Havre (Fran\u00e7a), o pen\u00faltimo compromisso da sele\u00e7\u00e3o brasileira antes do in\u00edcio da pr\u00f3xima Copa do Mundo. Segundo o treinador, a equipe canarinho mostrou equil\u00edbrio mesmo come\u00e7ando o confronto com um quinteto [&hellip;]<\/p>\n","protected":false},"author":246,"featured_media":204670,"comment_status":"closed","ping_status":"closed","sticky":false,"template":"","format":"standard","meta":{"footnotes":""},"categories":[436,440,257,439],"tags":[],"class_list":["post-204669","post","type-post","status-publish","format-standard","has-post-thumbnail","hentry","category-destaque-da-semana","category-destaques-do-dia","category-esporte","category-ultima-hora"],"_links":{"self":[{"href":"https:\/\/diarioregionaldigital.com.br\/index.php?rest_route=\/wp\/v2\/posts\/204669","targetHints":{"allow":["GET"]}}],"collection":[{"href":"https:\/\/diarioregionaldigital.com.br\/index.php?rest_route=\/wp\/v2\/posts"}],"about":[{"href":"https:\/\/diarioregionaldigital.com.br\/index.php?rest_route=\/wp\/v2\/types\/post"}],"author":[{"embeddable":true,"href":"https:\/\/diarioregionaldigital.com.br\/index.php?rest_route=\/wp\/v2\/users\/246"}],"replies":[{"embeddable":true,"href":"https:\/\/diarioregionaldigital.com.br\/index.php?rest_route=%2Fwp%2Fv2%2Fcomments&post=204669"}],"version-history":[{"count":2,"href":"https:\/\/diarioregionaldigital.com.br\/index.php?rest_route=\/wp\/v2\/posts\/204669\/revisions"}],"predecessor-version":[{"id":204672,"href":"https:\/\/diarioregionaldigital.com.br\/index.php?rest_route=\/wp\/v2\/posts\/204669\/revisions\/204672"}],"wp:featuredmedia":[{"embeddable":true,"href":"https:\/\/diarioregionaldigital.com.br\/index.php?rest_route=\/wp\/v2\/media\/204670"}],"wp:attachment":[{"href":"https:\/\/diarioregionaldigital.com.br\/index.php?rest_route=%2Fwp%2Fv2%2Fmedia&parent=204669"}],"wp:term":[{"taxonomy":"category","embeddable":true,"href":"https:\/\/diarioregionaldigital.com.br\/index.php?rest_route=%2Fwp%2Fv2%2Fcategories&post=204669"},{"taxonomy":"post_tag","embeddable":true,"href":"https:\/\/diarioregionaldigital.com.br\/index.php?rest_route=%2Fwp%2Fv2%2Ftags&post=204669"}],"curies":[{"name":"wp","href":"https:\/\/api.w.org\/{rel}","templated":true}]}}